{"html":"                                                            \n\n    \u003Carticle class=\u0022col-md-6 col-lg-4 block-tile type-article\u0022\u003E\n                    \u003Cdiv class=\u0022border rounded shadow-sm h-100 flex-column d-flex    \u0022\u003E\n                    \u003Ca href=\u0022\/trends\/schlichtung-entzweit-verbraucherschuetzer-und-veranstalter\u0022\u003E\n                            \n                            \n                    \u003Cdiv class=\u0022tile-body flex-grow-1 d-flex flex-column    \u0022\u003E\n                                                                                                            \u003Ch3 class=\u0022h2\u0022\u003ESchlichtung entzweit \u003Cspan class=\u0027hyphen\u0027\u003EVerbrauchersch\u00fctzer\u003C\/span\u003E und Veranstalter\u003C\/h3\u003E\n                            \n                                    \n                                                                                    \u003Cp class=\u0022flex-grow-1\u0022\u003E\n                                                        \nDas Bundesjustizministerium will mehr Reiseveranstalter f\u00fcr die freiwillige au\u00dfergerichtliche Streitbeilegung gewinnen\n                                                            \u0026hellip; \u003Cicon class=\u0022fa fa-angle-double-right ms-1\u0022\u003E\u003C\/icon\u003E\n                                                    \u003C\/p\u003E\n                                    \n                                                            \u003Ctime class=\u0022small\u0022 datetime=\u00222026-08-13T14:07:12+02:00\u0022\u003E\n                            13. August 2026 | 14:07 Uhr\n                        \u003C\/time\u003E\n                                                \u003C\/div\u003E\n            \u003C\/a\u003E\n            \u003C\/div\u003E\n            \u003C\/article\u003E\n\n                                                                    \n\n    \u003Carticle class=\u0022col-md-6 col-lg-4 block-tile type-article\u0022\u003E\n                    \u003Cdiv class=\u0022border rounded shadow-sm h-100 flex-column d-flex             bg-primary\n    \u0022\u003E\n                    \u003Ca href=\u0022\/trends\/viele-firmen-kennen-ihre-tech-abhaengigkeit-tun-aber-nichts\u0022\u003E\n                            \n                                                                                                                \u003Cfigure class=\u0022alias-article_16x9 img-fluid rounded-top\u0022 \u003E\n                                                                                                            \u003Cimg src=\u0022https:\/\/www.countervor9.de.dev.xrow.net\/var\/site\/storage\/images\/_aliases\/article_16x9\/2\/2\/4\/7\/2057422-1-ger-DE\/bcf03b35ebf8-KI-Kuenstliche-Intelligenz-Roboter-Foto-iStock-PhonlamaiPhoto.jpg\u0022 alt=\u0022KI K\u00fcnstliche Intelligenz Roboter Foto iStock PhonlamaiPhoto\u0022 class=\u0022img-fluid\u0022 height=\u0022410\u0022 width=\u0022750\u0022 \/\u003E\n                                                    \u003Cfigcaption\u003E\n                                                                                                                        \u003Cdiv class=\u0022copyright-image text-end text-white pt-1 pe-2 ezrichtext-field\u0022\u003E\u003Cp\u003EiStock PhonlamaiPhoto\u003C\/p\u003E\n\u003C\/div\u003E\n\n                                                                                                                                    \u003C\/figcaption\u003E\n                                            \u003C\/figure\u003E\n                                \n                    \u003Cdiv class=\u0022tile-body flex-grow-1 d-flex flex-column             text-white\n    \u0022\u003E\n                                                                                                    \u003Ch3 class=\u0022h2 flex-grow-1\u0022\u003EViele Firmen kennen ihre Tech-Abh\u00e4ngigkeit, tun aber nichts \u003Cicon class=\u0022fa fa-angle-double-right text-white ms-2\u0022\u003E\u003C\/icon\u003E\u003C\/h3\u003E\n                                    \n                                                    \n                                                            \u003Ctime class=\u0022small\u0022 datetime=\u00222026-08-13T07:00:13+02:00\u0022\u003E\n                            13. August 2026 | 07:00 Uhr\n                        \u003C\/time\u003E\n                                                \u003C\/div\u003E\n            \u003C\/a\u003E\n            \u003C\/div\u003E\n            \u003C\/article\u003E\n\n                                                                    \n\n    \u003Carticle class=\u0022col-md-6 col-lg-4 block-tile type-article\u0022\u003E\n                    \u003Cdiv class=\u0022border rounded shadow-sm h-100 flex-column d-flex             bg-primary\n    \u0022\u003E\n                    \u003Ca href=\u0022\/trends\/neue-technik-soll-easyjets-kerosinverbrauch-senken\u0022\u003E\n                            \n                                                                                                                \u003Cfigure class=\u0022alias-article_16x9 img-fluid rounded-top\u0022 \u003E\n                                                                                                            \u003Cimg src=\u0022https:\/\/www.countervor9.de.dev.xrow.net\/var\/site\/storage\/images\/_aliases\/article_16x9\/4\/0\/5\/9\/1119504-1-ger-DE\/Easyjet.jpg\u0022 alt=\u0022Easyjet\u0022 class=\u0022img-fluid\u0022 height=\u0022410\u0022 width=\u0022750\u0022 \/\u003E\n                                                    \u003Cfigcaption\u003E\n                                                                                                                        \u003Cdiv class=\u0022copyright-image text-end text-white pt-1 pe-2 ezrichtext-field\u0022\u003E\u003Cp\u003EEasyjet\u003C\/p\u003E\n\u003C\/div\u003E\n\n                                                                                                                                    \u003C\/figcaption\u003E\n                                            \u003C\/figure\u003E\n                                \n                    \u003Cdiv class=\u0022tile-body flex-grow-1 d-flex flex-column             text-white\n    \u0022\u003E\n                                                                                                    \u003Ch3 class=\u0022h2 flex-grow-1\u0022\u003ENeue Technik soll Easyjets \u003Cspan class=\u0027hyphen\u0027\u003EKerosinverbrauch\u003C\/span\u003E senken \u003Cicon class=\u0022fa fa-angle-double-right text-white ms-2\u0022\u003E\u003C\/icon\u003E\u003C\/h3\u003E\n                                    \n                                                    \n                                                            \u003Ctime class=\u0022small\u0022 datetime=\u00222026-08-12T15:38:10+02:00\u0022\u003E\n                            12. August 2026 | 15:38 Uhr\n                        \u003C\/time\u003E\n                                                \u003C\/div\u003E\n            \u003C\/a\u003E\n            \u003C\/div\u003E\n            \u003C\/article\u003E\n\n                                                                    \n\n    \u003Carticle class=\u0022col-md-6 col-lg-4 block-tile type-article\u0022\u003E\n                    \u003Cdiv class=\u0022border rounded shadow-sm h-100 flex-column d-flex    \u0022\u003E\n                    \u003Ca href=\u0022\/trends\/generation-z-in-sachen-arbeitsmoral-besser-als-ihr-ruf\u0022\u003E\n                            \n                            \n                    \u003Cdiv class=\u0022tile-body flex-grow-1 d-flex flex-column    \u0022\u003E\n                                                                                                            \u003Ch3 class=\u0022h2\u0022\u003EGeneration Z in Sachen Arbeitsmoral besser als ihr Ruf\u003C\/h3\u003E\n                            \n                                    \n                                                                                    \u003Cp class=\u0022flex-grow-1\u0022\u003E\n                                                        \nJunge Erwachsene in Deutschland sind so stark am Arbeitsmarkt beteiligt wie seit Jahrzehnten nicht mehr, wie eine Studie\n                                                            \u0026hellip; \u003Cicon class=\u0022fa fa-angle-double-right ms-1\u0022\u003E\u003C\/icon\u003E\n                                                    \u003C\/p\u003E\n                                    \n                                                            \u003Ctime class=\u0022small\u0022 datetime=\u00222026-08-12T14:52:32+02:00\u0022\u003E\n                            12. August 2026 | 14:52 Uhr\n                        \u003C\/time\u003E\n                                                \u003C\/div\u003E\n            \u003C\/a\u003E\n            \u003C\/div\u003E\n            \u003C\/article\u003E\n\n                                                                    \n\n    \u003Carticle class=\u0022col-md-6 col-lg-4 block-tile type-article\u0022\u003E\n                    \u003Cdiv class=\u0022border rounded shadow-sm h-100 flex-column d-flex    \u0022\u003E\n                    \u003Ca href=\u0022\/trends\/meilen-von-miles-more-kuenftig-bei-booking-einloesbar\u0022\u003E\n                            \n                            \n                    \u003Cdiv class=\u0022tile-body flex-grow-1 d-flex flex-column    \u0022\u003E\n                                                                                                            \u003Ch3 class=\u0022h2\u0022\u003EMeilen von Miles \u0026 More k\u00fcnftig bei Booking einl\u00f6sbar\u003C\/h3\u003E\n                            \n                                    \n                                                                                    \u003Cp class=\u0022flex-grow-1\u0022\u003E\n                                                        \nDas Treueprogramm der Lufthansa Group erweitert die seit 2021 bestehende Zusammenarbeit mit Booking. Teilnehmer von Miles\n                                                            \u0026hellip; \u003Cicon class=\u0022fa fa-angle-double-right ms-1\u0022\u003E\u003C\/icon\u003E\n                                                    \u003C\/p\u003E\n                                    \n                                                            \u003Ctime class=\u0022small\u0022 datetime=\u00222026-08-12T14:51:58+02:00\u0022\u003E\n                            12. August 2026 | 14:51 Uhr\n                        \u003C\/time\u003E\n                                                \u003C\/div\u003E\n            \u003C\/a\u003E\n            \u003C\/div\u003E\n            \u003C\/article\u003E\n\n                                                                    \n\n    \u003Carticle class=\u0022col-md-6 col-lg-4 block-tile type-article\u0022\u003E\n                    \u003Cdiv class=\u0022border rounded shadow-sm h-100 flex-column d-flex             bg-primary\n    \u0022\u003E\n                    \u003Ca href=\u0022\/trends\/iran-krieg-und-spaete-buchungen-druecken-das-ergebnis-von-tui\u0022\u003E\n                            \n                                                                                                                \u003Cfigure class=\u0022alias-article_16x9 img-fluid rounded-top\u0022 \u003E\n                                                                                                            \u003Cimg src=\u0022https:\/\/www.countervor9.de.dev.xrow.net\/var\/site\/storage\/images\/_aliases\/article_16x9\/8\/7\/1\/4\/2964178-1-ger-DE\/07eed2830bc3-Ebel-Sebastian-TUI-Group.jpg\u0022 alt=\u0022Ebel Sebastian\u0022 class=\u0022img-fluid\u0022 height=\u0022410\u0022 width=\u0022750\u0022 \/\u003E\n                                                    \u003Cfigcaption\u003E\n                                                                                                                        \u003Cdiv class=\u0022copyright-image text-end text-white pt-1 pe-2 ezrichtext-field\u0022\u003E\u003Cp\u003ETUI Group\u003C\/p\u003E\n\u003C\/div\u003E\n\n                                                                                                                                    \u003C\/figcaption\u003E\n                                            \u003C\/figure\u003E\n                                \n                    \u003Cdiv class=\u0022tile-body flex-grow-1 d-flex flex-column             text-white\n    \u0022\u003E\n                                                                                                    \u003Ch3 class=\u0022h2 flex-grow-1\u0022\u003EIran-Krieg und sp\u00e4te Buchungen dr\u00fccken das Ergebnis von TUI \u003Cicon class=\u0022fa fa-angle-double-right text-white ms-2\u0022\u003E\u003C\/icon\u003E\u003C\/h3\u003E\n                                    \n                                                    \n                                                            \u003Ctime class=\u0022small\u0022 datetime=\u00222026-08-12T08:30:25+02:00\u0022\u003E\n                            12. August 2026 | 08:30 Uhr\n                        \u003C\/time\u003E\n                                                \u003C\/div\u003E\n            \u003C\/a\u003E\n            \u003C\/div\u003E\n            \u003C\/article\u003E\n\n                                                                    \n\n    \u003Carticle class=\u0022col-md-6 col-lg-4 block-tile type-article\u0022\u003E\n                    \u003Cdiv class=\u0022border rounded shadow-sm h-100 flex-column d-flex             bg-primary\n    \u0022\u003E\n                    \u003Ca href=\u0022\/trends\/jury-ist-fix-bewerbungsfrist-fuer-eco-trophea-endet-in-kuerze\u0022\u003E\n                            \n                                                                                                                \u003Cfigure class=\u0022alias-article_16x9 img-fluid rounded-top\u0022 \u003E\n                                                                                                            \u003Cimg src=\u0022https:\/\/www.countervor9.de.dev.xrow.net\/var\/site\/storage\/images\/_aliases\/article_16x9\/2\/4\/8\/4\/1664842-1-ger-DE\/Nachhaltigkeit iStock RomoloTavani-473454180.jpg\u0022 alt=\u0022Nachhaltigkeit\u0022 class=\u0022img-fluid\u0022 height=\u0022410\u0022 width=\u0022750\u0022 \/\u003E\n                                                    \u003Cfigcaption\u003E\n                                                                                                                        \u003Cdiv class=\u0022copyright-image text-end text-white pt-1 pe-2 ezrichtext-field\u0022\u003E\u003Cp\u003EiStock\/RomoloTavani\u003C\/p\u003E\n\u003C\/div\u003E\n\n                                                                                                                                    \u003C\/figcaption\u003E\n                                            \u003C\/figure\u003E\n                                \n                    \u003Cdiv class=\u0022tile-body flex-grow-1 d-flex flex-column             text-white\n    \u0022\u003E\n                                                                                                    \u003Ch3 class=\u0022h2 flex-grow-1\u0022\u003EJury ist fix, Bewerbungsfrist f\u00fcr Eco Trophea endet in K\u00fcrze \u003Cicon class=\u0022fa fa-angle-double-right text-white ms-2\u0022\u003E\u003C\/icon\u003E\u003C\/h3\u003E\n                                    \n                                                    \n                                                            \u003Ctime class=\u0022small\u0022 datetime=\u00222026-08-11T20:48:58+02:00\u0022\u003E\n                            11. August 2026 | 20:48 Uhr\n                        \u003C\/time\u003E\n                                                \u003C\/div\u003E\n            \u003C\/a\u003E\n            \u003C\/div\u003E\n            \u003C\/article\u003E\n\n                                                                    \n\n    \u003Carticle class=\u0022col-md-6 col-lg-4 block-tile type-article\u0022\u003E\n                    \u003Cdiv class=\u0022border rounded shadow-sm h-100 flex-column d-flex    \u0022\u003E\n                    \u003Ca href=\u0022\/trends\/bahn-ueberprueft-plan-fuer-generalsanierungen\u0022\u003E\n                            \n                            \n                    \u003Cdiv class=\u0022tile-body flex-grow-1 d-flex flex-column    \u0022\u003E\n                                                                                                            \u003Ch3 class=\u0022h2\u0022\u003EBahn \u00fcberpr\u00fcft Plan f\u00fcr \u003Cspan class=\u0027hyphen\u0027\u003EGeneralsanierungen\u003C\/span\u003E\u003C\/h3\u003E\n                            \n                                    \n                                                                                    \u003Cp class=\u0022flex-grow-1\u0022\u003E\n                                                        \nDie Deutsche Bahn will ihr Konzept f\u00fcr die Generalsanierung stark belasteter Strecken \u00fcberarbeiten. Anzahl und Umfang der\n                                                            \u0026hellip; \u003Cicon class=\u0022fa fa-angle-double-right ms-1\u0022\u003E\u003C\/icon\u003E\n                                                    \u003C\/p\u003E\n                                    \n                                                            \u003Ctime class=\u0022small\u0022 datetime=\u00222026-08-11T14:17:35+02:00\u0022\u003E\n                            11. August 2026 | 14:17 Uhr\n                        \u003C\/time\u003E\n                                                \u003C\/div\u003E\n            \u003C\/a\u003E\n            \u003C\/div\u003E\n            \u003C\/article\u003E\n\n                                                                    \n\n    \u003Carticle class=\u0022col-md-6 col-lg-4 block-tile type-article\u0022\u003E\n                    \u003Cdiv class=\u0022border rounded shadow-sm h-100 flex-column d-flex    \u0022\u003E\n                    \u003Ca href=\u0022\/trends\/restaurants-geben-mehrwertsteuersenkung-kaum-weiter\u0022\u003E\n                            \n                            \n                    \u003Cdiv class=\u0022tile-body flex-grow-1 d-flex flex-column    \u0022\u003E\n                                                                                                            \u003Ch3 class=\u0022h2\u0022\u003ERestaurants geben \u003Cspan class=\u0027hyphen\u0027\u003EMehrwertsteuersenkung\u003C\/span\u003E kaum weiter\u003C\/h3\u003E\n                            \n                                    \n                                                                                    \u003Cp class=\u0022flex-grow-1\u0022\u003E\n                                                        \nDie Tagesschau berichtet \u00fcber eine Dehoga-Umfrage unter 2.000 Restaurants. Demnach hielten nach der Mehrwertsteuersenkung\n                                                            \u0026hellip; \u003Cicon class=\u0022fa fa-angle-double-right ms-1\u0022\u003E\u003C\/icon\u003E\n                                                    \u003C\/p\u003E\n                                    \n                                                            \u003Ctime class=\u0022small\u0022 datetime=\u00222026-08-11T07:00:12+02:00\u0022\u003E\n                            11. August 2026 | 07:00 Uhr\n                        \u003C\/time\u003E\n                                                \u003C\/div\u003E\n            \u003C\/a\u003E\n            \u003C\/div\u003E\n            \u003C\/article\u003E\n\n                                                                    \n\n    \u003Carticle class=\u0022col-md-6 col-lg-4 block-tile type-article\u0022\u003E\n                    \u003Cdiv class=\u0022border rounded shadow-sm h-100 flex-column d-flex    \u0022\u003E\n                    \u003Ca href=\u0022\/trends\/lufthansa-und-piloten-einigen-sich-auf-schlichtung\u0022\u003E\n                            \n                            \n                    \u003Cdiv class=\u0022tile-body flex-grow-1 d-flex flex-column    \u0022\u003E\n                                                                                                            \u003Ch3 class=\u0022h2\u0022\u003ELufthansa und Piloten einigen sich auf Schlichtung\u003C\/h3\u003E\n                            \n                                    \n                                                                                    \u003Cp class=\u0022flex-grow-1\u0022\u003E\n                                                        \nLufthansa und die Pilotengewerkschaft Vereinigung Cockpit wollen ihre offenen Tarifkonflikte in einem strukturierten Verfahren\n                                                            \u0026hellip; \u003Cicon class=\u0022fa fa-angle-double-right ms-1\u0022\u003E\u003C\/icon\u003E\n                                                    \u003C\/p\u003E\n                                    \n                                                            \u003Ctime class=\u0022small\u0022 datetime=\u00222026-08-10T19:26:34+02:00\u0022\u003E\n                            10. August 2026 | 19:26 Uhr\n                        \u003C\/time\u003E\n                                                \u003C\/div\u003E\n            \u003C\/a\u003E\n            \u003C\/div\u003E\n            \u003C\/article\u003E\n\n                                                                    \n\n    \u003Carticle class=\u0022col-md-6 col-lg-4 block-tile type-article\u0022\u003E\n                    \u003Cdiv class=\u0022border rounded shadow-sm h-100 flex-column d-flex             bg-primary\n    \u0022\u003E\n                    \u003Ca href=\u0022\/trends\/umfrage-zeigt-defizite-bei-sicherheit-auf-geschaeftsreisen\u0022\u003E\n                            \n                                                                                                                \u003Cfigure class=\u0022alias-article_16x9 img-fluid rounded-top\u0022 \u003E\n                                                                                                            \u003Cimg src=\u0022https:\/\/www.countervor9.de.dev.xrow.net\/var\/site\/storage\/images\/_aliases\/article_16x9\/4\/7\/6\/6\/3086674-1-ger-DE\/84f0fb3ebbfc-Gechaeftsreisende-iStock-undrey-1021502842.jpg\u0022 alt=\u0022Gesch\u00e4ftsreisende\u0022 class=\u0022img-fluid\u0022 height=\u0022410\u0022 width=\u0022750\u0022 \/\u003E\n                                                    \u003Cfigcaption\u003E\n                                                                                                                        \u003Cdiv class=\u0022copyright-image text-end text-white pt-1 pe-2 ezrichtext-field\u0022\u003E\u003Cp\u003EiStock\/undrey\u003C\/p\u003E\n\u003C\/div\u003E\n\n                                                                                                                                    \u003C\/figcaption\u003E\n                                            \u003C\/figure\u003E\n                                \n                    \u003Cdiv class=\u0022tile-body flex-grow-1 d-flex flex-column             text-white\n    \u0022\u003E\n                                                                                                    \u003Ch3 class=\u0022h2 flex-grow-1\u0022\u003EUmfrage zeigt Defizite bei Sicherheit auf Gesch\u00e4ftsreisen \u003Cicon class=\u0022fa fa-angle-double-right text-white ms-2\u0022\u003E\u003C\/icon\u003E\u003C\/h3\u003E\n                                    \n                                                    \n                                                            \u003Ctime class=\u0022small\u0022 datetime=\u00222026-08-10T17:07:29+02:00\u0022\u003E\n                            10. August 2026 | 17:07 Uhr\n                        \u003C\/time\u003E\n                                                \u003C\/div\u003E\n            \u003C\/a\u003E\n            \u003C\/div\u003E\n            \u003C\/article\u003E\n\n                                                                    \n\n    \u003Carticle class=\u0022col-md-6 col-lg-4 block-tile type-article\u0022\u003E\n                    \u003Cdiv class=\u0022border rounded shadow-sm h-100 flex-column d-flex             bg-primary\n    \u0022\u003E\n                    \u003Ca href=\u0022\/trends\/hamburg-will-international-sichtbarer-werden\u0022\u003E\n                            \n                                                                                                                \u003Cfigure class=\u0022alias-article_16x9 img-fluid rounded-top\u0022 \u003E\n                                                                                                            \u003Cimg src=\u0022https:\/\/www.countervor9.de.dev.xrow.net\/var\/site\/storage\/images\/_aliases\/article_16x9\/1\/8\/3\/3\/3053381-1-ger-DE\/c7feb0567ecf-Deutschland-Hamburg-Hafengeburtstag-Foto-iStock-Yuri4u80.jpg\u0022 alt=\u0022Deutschland Hamburg Hafengeburtstag Foto iStock Yuri4u80\u0022 class=\u0022img-fluid\u0022 height=\u0022410\u0022 width=\u0022750\u0022 \/\u003E\n                                                    \u003Cfigcaption\u003E\n                                                                                                                        \u003Cdiv class=\u0022copyright-image text-end text-white pt-1 pe-2 ezrichtext-field\u0022\u003E\u003Cp\u003EiStock Yuri4u80\u003C\/p\u003E\n\u003C\/div\u003E\n\n                                                                                                                                    \u003C\/figcaption\u003E\n                                            \u003C\/figure\u003E\n                                \n                    \u003Cdiv class=\u0022tile-body flex-grow-1 d-flex flex-column             text-white\n    \u0022\u003E\n                                                                                                    \u003Ch3 class=\u0022h2 flex-grow-1\u0022\u003EHamburg will international sichtbarer werden \u003Cicon class=\u0022fa fa-angle-double-right text-white ms-2\u0022\u003E\u003C\/icon\u003E\u003C\/h3\u003E\n                                    \n                                                    \n                                                            \u003Ctime class=\u0022small\u0022 datetime=\u00222026-08-10T14:39:18+02:00\u0022\u003E\n                            10. August 2026 | 14:39 Uhr\n                        \u003C\/time\u003E\n                                                \u003C\/div\u003E\n            \u003C\/a\u003E\n            \u003C\/div\u003E\n            \u003C\/article\u003E\n\n                                                                    \n\n    \u003Carticle class=\u0022col-md-6 col-lg-4 block-tile type-article\u0022\u003E\n                    \u003Cdiv class=\u0022border rounded shadow-sm h-100 flex-column d-flex    \u0022\u003E\n                    \u003Ca href=\u0022\/trends\/betrueger-kapern-hotel-accounts-bei-booking\u0022\u003E\n                            \n                            \n                    \u003Cdiv class=\u0022tile-body flex-grow-1 d-flex flex-column    \u0022\u003E\n                                                                                                            \u003Ch3 class=\u0022h2\u0022\u003EBetr\u00fcger kapern Hotel-Accounts bei Booking\u003C\/h3\u003E\n                            \n                                    \n                                                                                    \u003Cp class=\u0022flex-grow-1\u0022\u003E\n                                                        \nEine betroffene Influencerin hat auf die Betrugsmasche aufmerksam gemacht und Booking best\u00e4tigt aktuelle Phishing-Vorf\u00e4lle\n                                                            \u0026hellip; \u003Cicon class=\u0022fa fa-angle-double-right ms-1\u0022\u003E\u003C\/icon\u003E\n                                                    \u003C\/p\u003E\n                                    \n                                                            \u003Ctime class=\u0022small\u0022 datetime=\u00222026-08-10T07:00:13+02:00\u0022\u003E\n                            10. August 2026 | 07:00 Uhr\n                        \u003C\/time\u003E\n                                                \u003C\/div\u003E\n            \u003C\/a\u003E\n            \u003C\/div\u003E\n            \u003C\/article\u003E\n\n                                                                    \n\n    \u003Carticle class=\u0022col-md-6 col-lg-4 block-tile type-article\u0022\u003E\n                    \u003Cdiv class=\u0022border rounded shadow-sm h-100 flex-column d-flex             bg-primary\n    \u0022\u003E\n                    \u003Ca href=\u0022\/trends\/tui-greift-mit-sundeals-im-billigsegment-an\u0022\u003E\n                            \n                                                                                                                \u003Cfigure class=\u0022alias-article_16x9 img-fluid rounded-top\u0022 \u003E\n                                                                                                            \u003Cimg src=\u0022https:\/\/www.countervor9.de.dev.xrow.net\/var\/site\/storage\/images\/_aliases\/article_16x9\/2\/5\/5\/2\/2372552-1-ger-DE\/fae40dd7d7cf-TUI-Campus.jpg\u0022 alt=\u0022TUI Campus\u0022 class=\u0022img-fluid\u0022 height=\u0022410\u0022 width=\u0022750\u0022 \/\u003E\n                                                    \u003Cfigcaption\u003E\n                                                                                                                        \u003Cdiv class=\u0022copyright-image text-end text-white pt-1 pe-2 ezrichtext-field\u0022\u003E\u003Cp\u003ETUI Group\u003C\/p\u003E\n\u003C\/div\u003E\n\n                                                                                                                                    \u003C\/figcaption\u003E\n                                            \u003C\/figure\u003E\n                                \n                    \u003Cdiv class=\u0022tile-body flex-grow-1 d-flex flex-column             text-white\n    \u0022\u003E\n                                                                                                    \u003Ch3 class=\u0022h2 flex-grow-1\u0022\u003ETUI greift mit Sundeals im Billigsegment an \u003Cicon class=\u0022fa fa-angle-double-right text-white ms-2\u0022\u003E\u003C\/icon\u003E\u003C\/h3\u003E\n                                    \n                                                    \n                                                            \u003Ctime class=\u0022small\u0022 datetime=\u00222026-08-07T13:15:54+02:00\u0022\u003E\n                            7. August 2026 | 13:15 Uhr\n                        \u003C\/time\u003E\n                                                \u003C\/div\u003E\n            \u003C\/a\u003E\n            \u003C\/div\u003E\n            \u003C\/article\u003E\n\n                                                                    \n\n    \u003Carticle class=\u0022col-md-6 col-lg-4 block-tile type-article\u0022\u003E\n                    \u003Cdiv class=\u0022border rounded shadow-sm h-100 flex-column d-flex             bg-primary\n    \u0022\u003E\n                    \u003Ca href=\u0022\/trends\/wie-deutsche-airports-mit-gefahren-durch-drohnen-umgehen\u0022\u003E\n                            \n                                                                                                                \u003Cfigure class=\u0022alias-article_16x9 img-fluid rounded-top\u0022 \u003E\n                                                                                                            \u003Cimg src=\u0022https:\/\/www.countervor9.de.dev.xrow.net\/var\/site\/storage\/images\/_aliases\/article_16x9\/3\/4\/5\/8\/2358543-1-ger-DE\/649f7f9cad7d-Flughafen-Leipzig-Halle-iStock-Pradeep-Thomas-Thundiyil-1093666770.jpg\u0022 alt=\u0022Flughafen Leipzig-Halle\u0022 class=\u0022img-fluid\u0022 height=\u0022410\u0022 width=\u0022750\u0022 \/\u003E\n                                                    \u003Cfigcaption\u003E\n                                                                                                                        \u003Cdiv class=\u0022copyright-image text-end text-white pt-1 pe-2 ezrichtext-field\u0022\u003E\u003Cp\u003EiStock\/Pradeep Thomas Thundiyil\u003C\/p\u003E\n\u003C\/div\u003E\n\n                                                                                                                                    \u003C\/figcaption\u003E\n                                            \u003C\/figure\u003E\n                                \n                    \u003Cdiv class=\u0022tile-body flex-grow-1 d-flex flex-column             text-white\n    \u0022\u003E\n                                                                                                    \u003Ch3 class=\u0022h2 flex-grow-1\u0022\u003EWie deutsche Airports mit Gefahren durch Drohnen umgehen \u003Cicon class=\u0022fa fa-angle-double-right text-white ms-2\u0022\u003E\u003C\/icon\u003E\u003C\/h3\u003E\n                                    \n                                                    \n                                                            \u003Ctime class=\u0022small\u0022 datetime=\u00222026-08-07T12:58:04+02:00\u0022\u003E\n                            7. August 2026 | 12:58 Uhr\n                        \u003C\/time\u003E\n                                                \u003C\/div\u003E\n            \u003C\/a\u003E\n            \u003C\/div\u003E\n            \u003C\/article\u003E\n\n                                                                    \n\n    \u003Carticle class=\u0022col-md-6 col-lg-4 block-tile type-article\u0022\u003E\n                    \u003Cdiv class=\u0022border rounded shadow-sm h-100 flex-column d-flex             bg-primary\n    \u0022\u003E\n                    \u003Ca href=\u0022\/trends\/21-jaehriger-entwickelt-ki-portal-fuer-urlaubsreisen\u0022\u003E\n                            \n                                                                                                                \u003Cfigure class=\u0022alias-article_16x9 img-fluid rounded-top\u0022 \u003E\n                                                                                                            \u003Cimg src=\u0022https:\/\/www.countervor9.de.dev.xrow.net\/var\/site\/storage\/images\/_aliases\/article_16x9\/2\/4\/0\/1\/3161042-1-ger-DE\/b8b5147a12dd-Neser-Nico-Foto-Tripbot.jpg\u0022 alt=\u0022Neser Nico Foto Tripbot\u0022 class=\u0022img-fluid\u0022 height=\u0022410\u0022 width=\u0022750\u0022 \/\u003E\n                                                    \u003Cfigcaption\u003E\n                                                                                                                        \u003Cdiv class=\u0022copyright-image text-end text-white pt-1 pe-2 ezrichtext-field\u0022\u003E\u003Cp\u003ETripbot\u003C\/p\u003E\n\u003C\/div\u003E\n\n                                                                                                                                    \u003C\/figcaption\u003E\n                                            \u003C\/figure\u003E\n                                \n                    \u003Cdiv class=\u0022tile-body flex-grow-1 d-flex flex-column             text-white\n    \u0022\u003E\n                                                                                                    \u003Ch3 class=\u0022h2 flex-grow-1\u0022\u003E21-J\u00e4hriger entwickelt KI-Portal f\u00fcr Urlaubsreisen \u003Cicon class=\u0022fa fa-angle-double-right text-white ms-2\u0022\u003E\u003C\/icon\u003E\u003C\/h3\u003E\n                                    \n                                                    \n                                                            \u003Ctime class=\u0022small\u0022 datetime=\u00222026-08-07T07:00:13+02:00\u0022\u003E\n                            7. August 2026 | 07:00 Uhr\n                        \u003C\/time\u003E\n                                                \u003C\/div\u003E\n            \u003C\/a\u003E\n            \u003C\/div\u003E\n            \u003C\/article\u003E\n\n                                                                    \n\n    \u003Carticle class=\u0022col-md-6 col-lg-4 block-tile type-article\u0022\u003E\n                    \u003Cdiv class=\u0022border rounded shadow-sm h-100 flex-column d-flex             bg-primary\n    \u0022\u003E\n                    \u003Ca href=\u0022\/trends\/warum-echte-pausen-die-konzentration-verbessern\u0022\u003E\n                            \n                                                                                                                \u003Cfigure class=\u0022alias-article_16x9 img-fluid rounded-top\u0022 \u003E\n                                                                                                            \u003Cimg src=\u0022https:\/\/www.countervor9.de.dev.xrow.net\/var\/site\/storage\/images\/_aliases\/article_16x9\/3\/5\/3\/1\/3161353-1-ger-DE\/342aeebbda13-Buero-Pause-Dehnuebung-Foto-iStock-Mariia-Vitkovska.jpg\u0022 alt=\u0022B\u00fcro Pause Dehn\u00fcbung Foto iStock Mariia Vitkovska\u0022 class=\u0022img-fluid\u0022 height=\u0022410\u0022 width=\u0022750\u0022 \/\u003E\n                                                    \u003Cfigcaption\u003E\n                                                                                                                        \u003Cdiv class=\u0022copyright-image text-end text-white pt-1 pe-2 ezrichtext-field\u0022\u003E\u003Cp\u003EiStock Mariia Vitkovska\u003C\/p\u003E\n\u003C\/div\u003E\n\n                                                                                                                                    \u003C\/figcaption\u003E\n                                            \u003C\/figure\u003E\n                                \n                    \u003Cdiv class=\u0022tile-body flex-grow-1 d-flex flex-column             text-white\n    \u0022\u003E\n                                                                                                    \u003Ch3 class=\u0022h2 flex-grow-1\u0022\u003EWarum echte Pausen die Konzentration verbessern \u003Cicon class=\u0022fa fa-angle-double-right text-white ms-2\u0022\u003E\u003C\/icon\u003E\u003C\/h3\u003E\n                                    \n                                                    \n                                                            \u003Ctime class=\u0022small\u0022 datetime=\u00222026-08-06T19:02:04+02:00\u0022\u003E\n                            6. August 2026 | 19:02 Uhr\n                        \u003C\/time\u003E\n                                                \u003C\/div\u003E\n            \u003C\/a\u003E\n            \u003C\/div\u003E\n            \u003C\/article\u003E\n\n                                                                    \n\n    \u003Carticle class=\u0022col-md-6 col-lg-4 block-tile type-article\u0022\u003E\n                    \u003Cdiv class=\u0022border rounded shadow-sm h-100 flex-column d-flex             bg-primary\n    \u0022\u003E\n                    \u003Ca href=\u0022\/trends\/luftfahrt-lobby-klagt-weiter-ueber-hohe-kosten\u0022\u003E\n                            \n                                                                                                                \u003Cfigure class=\u0022alias-article_16x9 img-fluid rounded-top\u0022 \u003E\n                                                                                                            \u003Cimg src=\u0022https:\/\/www.countervor9.de.dev.xrow.net\/var\/site\/storage\/images\/_aliases\/article_16x9\/5\/6\/7\/7\/1997765-1-ger-DE\/baaa7e03d1af-Flugzeug-Landung-iStock-Marcus-Millo-1321608980.png\u0022 alt=\u0022Flugzeug\u0022 class=\u0022img-fluid\u0022 height=\u0022410\u0022 width=\u0022750\u0022 \/\u003E\n                                                    \u003Cfigcaption\u003E\n                                                                                                                        \u003Cdiv class=\u0022copyright-image text-end text-white pt-1 pe-2 ezrichtext-field\u0022\u003E\u003Cp\u003EiStock\/Marcus Millo\u003C\/p\u003E\n\u003C\/div\u003E\n\n                                                                                                                                    \u003C\/figcaption\u003E\n                                            \u003C\/figure\u003E\n                                \n                    \u003Cdiv class=\u0022tile-body flex-grow-1 d-flex flex-column             text-white\n    \u0022\u003E\n                                                                                                    \u003Ch3 class=\u0022h2 flex-grow-1\u0022\u003ELuftfahrt-Lobby klagt weiter \u00fcber hohe Kosten \u003Cicon class=\u0022fa fa-angle-double-right text-white ms-2\u0022\u003E\u003C\/icon\u003E\u003C\/h3\u003E\n                                    \n                                                    \n                                                            \u003Ctime class=\u0022small\u0022 datetime=\u00222026-08-06T16:23:12+02:00\u0022\u003E\n                            6. August 2026 | 16:23 Uhr\n                        \u003C\/time\u003E\n                                                \u003C\/div\u003E\n            \u003C\/a\u003E\n            \u003C\/div\u003E\n            \u003C\/article\u003E\n\n                                                                    \n\n    \u003Carticle class=\u0022col-md-6 col-lg-4 block-tile type-article\u0022\u003E\n                    \u003Cdiv class=\u0022border rounded shadow-sm h-100 flex-column d-flex             bg-primary\n    \u0022\u003E\n                    \u003Ca href=\u0022\/trends\/nabu-sieht-kreuzfahrt-weiter-auf-fossilem-kurs\u0022\u003E\n                            \n                                                                                                                \u003Cfigure class=\u0022alias-article_16x9 img-fluid rounded-top\u0022 \u003E\n                                                                                                            \u003Cimg src=\u0022https:\/\/www.countervor9.de.dev.xrow.net\/var\/site\/storage\/images\/_aliases\/article_16x9\/8\/4\/3\/6\/36348-1-ger-DE\/Antarktis Kreuzfahrt iStock-Selphiek.jpg\u0022 alt=\u0022Antarktis-Kreuzfahrt\u0022 class=\u0022img-fluid\u0022 height=\u0022410\u0022 width=\u0022750\u0022 \/\u003E\n                                                    \u003Cfigcaption\u003E\n                                                                                                                        \u003Cdiv class=\u0022copyright-image text-end text-white pt-1 pe-2 ezrichtext-field\u0022\u003E\u003Cp\u003EiStock\/Selphiek\u003C\/p\u003E\n\u003C\/div\u003E\n\n                                                                                                                                    \u003C\/figcaption\u003E\n                                            \u003C\/figure\u003E\n                                \n                    \u003Cdiv class=\u0022tile-body flex-grow-1 d-flex flex-column             text-white\n    \u0022\u003E\n                                                                                                    \u003Ch3 class=\u0022h2 flex-grow-1\u0022\u003ENabu sieht Kreuzfahrt weiter auf \u0022fossilem Kurs\u0022 \u003Cicon class=\u0022fa fa-angle-double-right text-white ms-2\u0022\u003E\u003C\/icon\u003E\u003C\/h3\u003E\n                                    \n                                                    \n                                                            \u003Ctime class=\u0022small\u0022 datetime=\u00222026-08-06T15:48:43+02:00\u0022\u003E\n                            6. August 2026 | 15:48 Uhr\n                        \u003C\/time\u003E\n                                                \u003C\/div\u003E\n            \u003C\/a\u003E\n            \u003C\/div\u003E\n            \u003C\/article\u003E\n\n                                                                    \n\n    \u003Carticle class=\u0022col-md-6 col-lg-4 block-tile type-article\u0022\u003E\n                    \u003Cdiv class=\u0022border rounded shadow-sm h-100 flex-column d-flex             bg-primary\n    \u0022\u003E\n                    \u003Ca href=\u0022\/trends\/podcast-wie-hamburg-seine-touristische-rolle-ausbauen-will\u0022\u003E\n                            \n                                                                                                                \u003Cfigure class=\u0022alias-article_16x9 img-fluid rounded-top\u0022 \u003E\n                                                                                                            \u003Cimg src=\u0022https:\/\/www.countervor9.de.dev.xrow.net\/var\/site\/storage\/images\/_aliases\/article_16x9\/2\/1\/1\/0\/3160112-1-ger-DE\/e62a97e3cb6e-Otremba-Michael-GF-Hamburg-Tourismus-GmbH.jpg\u0022 alt=\u0022Otremba Michael\u0022 class=\u0022img-fluid\u0022 height=\u0022410\u0022 width=\u0022750\u0022 \/\u003E\n                                                    \u003Cfigcaption\u003E\n                                                                                                                        \u003Cdiv class=\u0022copyright-image text-end text-white pt-1 pe-2 ezrichtext-field\u0022\u003E\u003Cp\u003EHamburg Tourismus GmbH\u003C\/p\u003E\n\u003C\/div\u003E\n\n                                                                                                                                    \u003C\/figcaption\u003E\n                                            \u003C\/figure\u003E\n                                \n                    \u003Cdiv class=\u0022tile-body flex-grow-1 d-flex flex-column             text-white\n    \u0022\u003E\n                                                                                                    \u003Ch3 class=\u0022h2 flex-grow-1\u0022\u003EPodcast: Wie Hamburg seine touristische Rolle ausbauen will \u003Cicon class=\u0022fa fa-angle-double-right text-white ms-2\u0022\u003E\u003C\/icon\u003E\u003C\/h3\u003E\n                                    \n                                                    \n                                                            \u003Ctime class=\u0022small\u0022 datetime=\u00222026-08-05T15:13:27+02:00\u0022\u003E\n                            5. August 2026 | 15:13 Uhr\n                        \u003C\/time\u003E\n                                                \u003C\/div\u003E\n            \u003C\/a\u003E\n            \u003C\/div\u003E\n            \u003C\/article\u003E\n\n                                                                    \n\n    \u003Carticle class=\u0022col-md-6 col-lg-4 block-tile type-article\u0022\u003E\n                    \u003Cdiv class=\u0022border rounded shadow-sm h-100 flex-column d-flex    \u0022\u003E\n                    \u003Ca href=\u0022\/trends\/justizministerium-sucht-wege-zu-schlichtung-bei-reisestreit\u0022\u003E\n                            \n                            \n                    \u003Cdiv class=\u0022tile-body flex-grow-1 d-flex flex-column    \u0022\u003E\n                                                                                                            \u003Ch3 class=\u0022h2\u0022\u003EJustizministerium sucht Wege zu Schlichtung bei Reisestreit\u003C\/h3\u003E\n                            \n                                    \n                                                                                    \u003Cp class=\u0022flex-grow-1\u0022\u003E\n                                                        \nDas Bundesjustizministerium ber\u00e4t am 12. August mit Reisewirtschaft, Verbrauchersch\u00fctzern und Schlichtungsstellen dar\u00fcber\n                                                            \u0026hellip; \u003Cicon class=\u0022fa fa-angle-double-right ms-1\u0022\u003E\u003C\/icon\u003E\n                                                    \u003C\/p\u003E\n                                    \n                                                            \u003Ctime class=\u0022small\u0022 datetime=\u00222026-08-05T14:33:32+02:00\u0022\u003E\n                            5. August 2026 | 14:33 Uhr\n                        \u003C\/time\u003E\n                                                \u003C\/div\u003E\n            \u003C\/a\u003E\n            \u003C\/div\u003E\n            \u003C\/article\u003E\n\n                                                                    \n\n    \u003Carticle class=\u0022col-md-6 col-lg-4 block-tile type-article\u0022\u003E\n                    \u003Cdiv class=\u0022border rounded shadow-sm h-100 flex-column d-flex             bg-primary\n    \u0022\u003E\n                    \u003Ca href=\u0022\/trends\/touren-und-aktivitaeten-wachsen-staerker-als-der-reisemarkt\u0022\u003E\n                            \n                                                                                                                \u003Cfigure class=\u0022alias-article_16x9 img-fluid rounded-top\u0022 \u003E\n                                                                                                            \u003Cimg src=\u0022https:\/\/www.countervor9.de.dev.xrow.net\/var\/site\/storage\/images\/_aliases\/article_16x9\/9\/6\/6\/4\/2864669-1-ger-DE\/adcfd9235354-Porto-Moniz_Kayak8-C-Clube-Naval-do-Seixal_MM_kl.jpg\u0022 alt=\u0022Portugal Madeira Aktivit\u00e4ten Kanutour Visit Madeira\/Clube Naval do Seixal\u0022 class=\u0022img-fluid\u0022 height=\u0022410\u0022 width=\u0022750\u0022 \/\u003E\n                                                    \u003Cfigcaption\u003E\n                                                                                                                        \u003Cdiv class=\u0022copyright-image text-end text-white pt-1 pe-2 ezrichtext-field\u0022\u003E\u003Cp\u003EVisit Madeira\/Clube Naval do Seixal\u003C\/p\u003E\n\u003C\/div\u003E\n\n                                                                                                                                    \u003C\/figcaption\u003E\n                                            \u003C\/figure\u003E\n                                \n                    \u003Cdiv class=\u0022tile-body flex-grow-1 d-flex flex-column             text-white\n    \u0022\u003E\n                                                                                                    \u003Ch3 class=\u0022h2 flex-grow-1\u0022\u003ETouren und Aktivit\u00e4ten wachsen st\u00e4rker als der Reisemarkt \u003Cicon class=\u0022fa fa-angle-double-right text-white ms-2\u0022\u003E\u003C\/icon\u003E\u003C\/h3\u003E\n                                    \n                                                    \n                                                            \u003Ctime class=\u0022small\u0022 datetime=\u00222026-08-05T14:19:23+02:00\u0022\u003E\n                            5. August 2026 | 14:19 Uhr\n                        \u003C\/time\u003E\n                                                \u003C\/div\u003E\n            \u003C\/a\u003E\n            \u003C\/div\u003E\n            \u003C\/article\u003E\n\n                                                                    \n\n    \u003Carticle class=\u0022col-md-6 col-lg-4 block-tile type-article\u0022\u003E\n                    \u003Cdiv class=\u0022border rounded shadow-sm h-100 flex-column d-flex    \u0022\u003E\n                    \u003Ca href=\u0022\/trends\/hotelroboter-billie-ueberprueft-die-zimmerreinigung\u0022\u003E\n                            \n                            \n                    \u003Cdiv class=\u0022tile-body flex-grow-1 d-flex flex-column    \u0022\u003E\n                                                                                                            \u003Ch3 class=\u0022h2\u0022\u003EHotelroboter Billie \u00fcberpr\u00fcft die Zimmerreinigung\u003C\/h3\u003E\n                            \n                                    \n                                                                                    \u003Cp class=\u0022flex-grow-1\u0022\u003E\n                                                        \nDer humanoide Roboter Billie f\u00e4hrt eigenst\u00e4ndig durch das Seminaris-Seehotel in Potsdam, \u00f6ffnet die Zimmer und macht nach\n                                                            \u0026hellip; \u003Cicon class=\u0022fa fa-angle-double-right ms-1\u0022\u003E\u003C\/icon\u003E\n                                                    \u003C\/p\u003E\n                                    \n                                                            \u003Ctime class=\u0022small\u0022 datetime=\u00222026-08-04T20:35:19+02:00\u0022\u003E\n                            4. August 2026 | 20:35 Uhr\n                        \u003C\/time\u003E\n                                                \u003C\/div\u003E\n            \u003C\/a\u003E\n            \u003C\/div\u003E\n            \u003C\/article\u003E\n\n                                                                    \n\n    \u003Carticle class=\u0022col-md-6 col-lg-4 block-tile type-article\u0022\u003E\n                    \u003Cdiv class=\u0022border rounded shadow-sm h-100 flex-column d-flex             bg-primary\n    \u0022\u003E\n                    \u003Ca href=\u0022\/trends\/die-plaene-des-scheidenden-hauser-chefs-manfred-haeupl\u0022\u003E\n                            \n                                                                                                                \u003Cfigure class=\u0022alias-article_16x9 img-fluid rounded-top\u0022 \u003E\n                                                                                                            \u003Cimg src=\u0022https:\/\/www.countervor9.de.dev.xrow.net\/var\/site\/storage\/images\/_aliases\/article_16x9\/7\/1\/5\/6\/1896517-1-ger-DE\/H\u00e4upl Manfred Hauser Exkurionen.png\u0022 alt=\u0022H\u00e4upl Manfred\u0022 class=\u0022img-fluid\u0022 height=\u0022410\u0022 width=\u0022750\u0022 \/\u003E\n                                                    \u003Cfigcaption\u003E\n                                                                                                                        \u003Cdiv class=\u0022copyright-image text-end text-white pt-1 pe-2 ezrichtext-field\u0022\u003E\u003Cp\u003EHauser Exkursionen\u003C\/p\u003E\n\u003C\/div\u003E\n\n                                                                                                                                    \u003C\/figcaption\u003E\n                                            \u003C\/figure\u003E\n                                \n                    \u003Cdiv class=\u0022tile-body flex-grow-1 d-flex flex-column             text-white\n    \u0022\u003E\n                                                                                                    \u003Ch3 class=\u0022h2 flex-grow-1\u0022\u003EDie Pl\u00e4ne des scheidenden Hauser-Chefs Manfred H\u00e4upl \u003Cicon class=\u0022fa fa-angle-double-right text-white ms-2\u0022\u003E\u003C\/icon\u003E\u003C\/h3\u003E\n                                    \n                                                    \n                                                            \u003Ctime class=\u0022small\u0022 datetime=\u00222026-08-04T14:48:40+02:00\u0022\u003E\n                            4. August 2026 | 14:48 Uhr\n                        \u003C\/time\u003E\n                                                \u003C\/div\u003E\n            \u003C\/a\u003E\n            \u003C\/div\u003E\n            \u003C\/article\u003E\n\n                                                                    \n\n    \u003Carticle class=\u0022col-md-6 col-lg-4 block-tile type-article\u0022\u003E\n                    \u003Cdiv class=\u0022border rounded shadow-sm h-100 flex-column d-flex             bg-primary\n    \u0022\u003E\n                    \u003Ca href=\u0022\/trends\/kerosinkosten-druecken-den-gewinn-von-lufthansa\u0022\u003E\n                            \n                                                                                                                \u003Cfigure class=\u0022alias-article_16x9 img-fluid rounded-top\u0022 \u003E\n                                                                                                            \u003Cimg src=\u0022https:\/\/www.countervor9.de.dev.xrow.net\/var\/site\/storage\/images\/_aliases\/article_16x9\/2\/4\/0\/7\/117042-1-ger-DE\/Lufthansa.jpg\u0022 alt=\u0022Lufthansa\u0022 class=\u0022img-fluid\u0022 height=\u0022410\u0022 width=\u0022750\u0022 \/\u003E\n                                                    \u003Cfigcaption\u003E\n                                                                                                                        \u003Cdiv class=\u0022copyright-image text-end text-white pt-1 pe-2 ezrichtext-field\u0022\u003E\u003Cp\u003ELufthansa\u003C\/p\u003E\n\u003C\/div\u003E\n\n                                                                                                                                    \u003C\/figcaption\u003E\n                                            \u003C\/figure\u003E\n                                \n                    \u003Cdiv class=\u0022tile-body flex-grow-1 d-flex flex-column             text-white\n    \u0022\u003E\n                                                                                                    \u003Ch3 class=\u0022h2 flex-grow-1\u0022\u003EKerosinkosten dr\u00fccken den Gewinn von Lufthansa \u003Cicon class=\u0022fa fa-angle-double-right text-white ms-2\u0022\u003E\u003C\/icon\u003E\u003C\/h3\u003E\n                                    \n                                                    \n                                                            \u003Ctime class=\u0022small\u0022 datetime=\u00222026-08-04T14:17:00+02:00\u0022\u003E\n                            4. August 2026 | 14:17 Uhr\n                        \u003C\/time\u003E\n                                                \u003C\/div\u003E\n            \u003C\/a\u003E\n            \u003C\/div\u003E\n            \u003C\/article\u003E\n\n                                                                    \n\n    \u003Carticle class=\u0022col-md-6 col-lg-4 block-tile type-article\u0022\u003E\n                    \u003Cdiv class=\u0022border rounded shadow-sm h-100 flex-column d-flex             bg-primary\n    \u0022\u003E\n                    \u003Ca href=\u0022\/trends\/wie-eine-reise-im-lkw-das-leben-einer-familie-veraenderte\u0022\u003E\n                            \n                                                                                                                \u003Cfigure class=\u0022alias-article_16x9 img-fluid rounded-top\u0022 \u003E\n                                                                                                            \u003Cimg src=\u0022https:\/\/www.countervor9.de.dev.xrow.net\/var\/site\/storage\/images\/_aliases\/article_16x9\/6\/6\/1\/8\/3158166-1-ger-DE\/6675e4e4513a-Lasterleben_Familienfoto_Atitlansee_c_privat.JPG\u0022 alt=\u0022Lasterleben_Familienfoto\u0022 class=\u0022img-fluid\u0022 height=\u0022410\u0022 width=\u0022750\u0022 \/\u003E\n                                                    \u003Cfigcaption\u003E\n                                                                                                                        \u003Cdiv class=\u0022copyright-image text-end text-white pt-1 pe-2 ezrichtext-field\u0022\u003E\u003Cp\u003EAnja Kocherscheidt\u003C\/p\u003E\n\u003C\/div\u003E\n\n                                                                                                                                    \u003C\/figcaption\u003E\n                                            \u003C\/figure\u003E\n                                \n                    \u003Cdiv class=\u0022tile-body flex-grow-1 d-flex flex-column             text-white\n    \u0022\u003E\n                                                                                                    \u003Ch3 class=\u0022h2 flex-grow-1\u0022\u003EWie eine Reise im LKW das Leben einer Familie ver\u00e4nderte \u003Cicon class=\u0022fa fa-angle-double-right text-white ms-2\u0022\u003E\u003C\/icon\u003E\u003C\/h3\u003E\n                                    \n                                                    \n                                                            \u003Ctime class=\u0022small\u0022 datetime=\u00222026-08-03T19:02:07+02:00\u0022\u003E\n                            3. August 2026 | 19:02 Uhr\n                        \u003C\/time\u003E\n                                                \u003C\/div\u003E\n            \u003C\/a\u003E\n            \u003C\/div\u003E\n            \u003C\/article\u003E\n\n                                                                    \n\n    \u003Carticle class=\u0022col-md-6 col-lg-4 block-tile type-article\u0022\u003E\n                    \u003Cdiv class=\u0022border rounded shadow-sm h-100 flex-column d-flex    \u0022\u003E\n                    \u003Ca href=\u0022\/trends\/die-schweiz-schickt-urlauber-auf-ueberraschungstour\u0022\u003E\n                            \n                            \n                    \u003Cdiv class=\u0022tile-body flex-grow-1 d-flex flex-column    \u0022\u003E\n                                                                                                            \u003Ch3 class=\u0022h2\u0022\u003EDie Schweiz schickt Urlauber auf \u00dcberraschungstour\u003C\/h3\u003E\n                            \n                                    \n                                                                                    \u003Cp class=\u0022flex-grow-1\u0022\u003E\n                                                        \nDie Schweiz will Besucher mit einem neuen Projekt in weniger bekannte Regionen lenken. Reisende w\u00e4hlen bei der \u0026quot;Swiss Roadtrip\n                                                            \u0026hellip; \u003Cicon class=\u0022fa fa-angle-double-right ms-1\u0022\u003E\u003C\/icon\u003E\n                                                    \u003C\/p\u003E\n                                    \n                                                            \u003Ctime class=\u0022small\u0022 datetime=\u00222026-08-03T16:53:14+02:00\u0022\u003E\n                            3. August 2026 | 16:53 Uhr\n                        \u003C\/time\u003E\n                                                \u003C\/div\u003E\n            \u003C\/a\u003E\n            \u003C\/div\u003E\n            \u003C\/article\u003E\n\n                                                                    \n\n    \u003Carticle class=\u0022col-md-6 col-lg-4 block-tile type-article\u0022\u003E\n                    \u003Cdiv class=\u0022border rounded shadow-sm h-100 flex-column d-flex    \u0022\u003E\n                    \u003Ca href=\u0022\/trends\/konfliktfaehigkeit-entscheidet-ueber-den-teamerfolg\u0022\u003E\n                            \n                            \n                    \u003Cdiv class=\u0022tile-body flex-grow-1 d-flex flex-column    \u0022\u003E\n                                                                                                            \u003Ch3 class=\u0022h2\u0022\u003EKonfliktf\u00e4higkeit entscheidet \u00fcber den Teamerfolg\u003C\/h3\u003E\n                            \n                                    \n                                                                                    \u003Cp class=\u0022flex-grow-1\u0022\u003E\n                                                        \nOb Projekte gelingen und Ziele erreicht werden, h\u00e4nge wesentlich davon ab, wie Teams mit schwierigen Gespr\u00e4chen umgehen\n                                                            \u0026hellip; \u003Cicon class=\u0022fa fa-angle-double-right ms-1\u0022\u003E\u003C\/icon\u003E\n                                                    \u003C\/p\u003E\n                                    \n                                                            \u003Ctime class=\u0022small\u0022 datetime=\u00222026-08-03T16:52:50+02:00\u0022\u003E\n                            3. August 2026 | 16:52 Uhr\n                        \u003C\/time\u003E\n                                                \u003C\/div\u003E\n            \u003C\/a\u003E\n            \u003C\/div\u003E\n            \u003C\/article\u003E\n\n                                                                    \n\n    \u003Carticle class=\u0022col-md-6 col-lg-4 block-tile type-article\u0022\u003E\n                    \u003Cdiv class=\u0022border rounded shadow-sm h-100 flex-column d-flex             bg-primary\n    \u0022\u003E\n                    \u003Ca href=\u0022\/trends\/verbraucherschuetzer-kritisieren-preispolitik-der-bahn\u0022\u003E\n                            \n                                                                                                                \u003Cfigure class=\u0022alias-article_16x9 img-fluid rounded-top\u0022 \u003E\n                                                                                                            \u003Cimg src=\u0022https:\/\/www.countervor9.de.dev.xrow.net\/var\/site\/storage\/images\/_aliases\/article_16x9\/9\/8\/7\/1\/1771789-1-ger-DE\/ICE Foto Deutsche Bahn.jpg\u0022 alt=\u0022ICE Foto Deutsche Bahn\u0022 class=\u0022img-fluid\u0022 height=\u0022410\u0022 width=\u0022750\u0022 \/\u003E\n                                                    \u003Cfigcaption\u003E\n                                                                                                                        \u003Cdiv class=\u0022copyright-image text-end text-white pt-1 pe-2 ezrichtext-field\u0022\u003E\u003Cp\u003EDeutsche Bahn\u003C\/p\u003E\n\u003C\/div\u003E\n\n                                                                                                                                    \u003C\/figcaption\u003E\n                                            \u003C\/figure\u003E\n                                \n                    \u003Cdiv class=\u0022tile-body flex-grow-1 d-flex flex-column             text-white\n    \u0022\u003E\n                                                                                                    \u003Ch3 class=\u0022h2 flex-grow-1\u0022\u003E\u003Cspan class=\u0027hyphen\u0027\u003EVerbrauchersch\u00fctzer\u003C\/span\u003E kritisieren Preispolitik der Bahn \u003Cicon class=\u0022fa fa-angle-double-right text-white ms-2\u0022\u003E\u003C\/icon\u003E\u003C\/h3\u003E\n                                    \n                                                    \n                                                            \u003Ctime class=\u0022small\u0022 datetime=\u00222026-08-03T12:03:41+02:00\u0022\u003E\n                            3. August 2026 | 12:03 Uhr\n                        \u003C\/time\u003E\n                                                \u003C\/div\u003E\n            \u003C\/a\u003E\n            \u003C\/div\u003E\n            \u003C\/article\u003E\n\n                                                                    \n\n    \u003Carticle class=\u0022col-md-6 col-lg-4 block-tile type-article\u0022\u003E\n                    \u003Cdiv class=\u0022border rounded shadow-sm h-100 flex-column d-flex             bg-primary\n    \u0022\u003E\n                    \u003Ca href=\u0022\/trends\/get-away-fuehrt-uebernachtungen-und-freizeittickets-zusammen\u0022\u003E\n                            \n                                                                                                                \u003Cfigure class=\u0022alias-article_16x9 img-fluid rounded-top\u0022 \u003E\n                                                                                                            \u003Cimg src=\u0022https:\/\/www.countervor9.de.dev.xrow.net\/var\/site\/storage\/images\/_aliases\/article_16x9\/8\/3\/6\/6\/3156638-1-ger-DE\/a5f2f0a0879b-Get-Away-Group-Stefanie-Nierhaus-Head-of-Special-Products-Foto-Get-Away-Group.jpg\u0022 alt=\u0022Get Away Group Stefanie Nierhaus Head of Special Products Foto Get Away Group\u0022 class=\u0022img-fluid\u0022 height=\u0022410\u0022 width=\u0022750\u0022 \/\u003E\n                                                    \u003Cfigcaption\u003E\n                                                                                                                        \u003Cdiv class=\u0022copyright-image text-end text-white pt-1 pe-2 ezrichtext-field\u0022\u003E\u003Cp\u003EGet Away Group\u003C\/p\u003E\n\u003C\/div\u003E\n\n                                                                                                                                    \u003C\/figcaption\u003E\n                                            \u003C\/figure\u003E\n                                \n                    \u003Cdiv class=\u0022tile-body flex-grow-1 d-flex flex-column             text-white\n    \u0022\u003E\n                                                                                                    \u003Ch3 class=\u0022h2 flex-grow-1\u0022\u003EGet Away f\u00fchrt \u00dcbernachtungen und Freizeittickets zusammen \u003Cicon class=\u0022fa fa-angle-double-right text-white ms-2\u0022\u003E\u003C\/icon\u003E\u003C\/h3\u003E\n                                    \n                                                    \n                                                            \u003Ctime class=\u0022small\u0022 datetime=\u00222026-08-03T07:00:12+02:00\u0022\u003E\n                            3. August 2026 | 07:00 Uhr\n                        \u003C\/time\u003E\n                                                \u003C\/div\u003E\n            \u003C\/a\u003E\n            \u003C\/div\u003E\n            \u003C\/article\u003E\n\n            \n\n    \u003Cdiv class=\u0022col-md-12\u0022\u003E\n        \u003Cul class=\u0022pagination\u0022\u003E\u003Cli class=\u0022page-item prev\u0022\u003E\u003Ca class=\u0022page-link\u0022 href=\u0022\/page\/77\/30\/tile_3col?ad=353\u0026page=1\u0022 rel=\u0022prev\u0022\u003E\u0026larr; Vorherige\u003C\/a\u003E\u003C\/li\u003E\u003Cli class=\u0022page-item\u0022\u003E\u003Ca class=\u0022page-link\u0022 href=\u0022\/page\/77\/30\/tile_3col?ad=353\u0026page=1\u0022\u003E1\u003C\/a\u003E\u003C\/li\u003E\u003Cli class=\u0022page-item active\u0022\u003E\u003Cspan class=\u0022page-link\u0022\u003E2 \u003Cspan class=\u0022sr-only\u0022\u003E(current)\u003C\/span\u003E\u003C\/span\u003E\u003C\/li\u003E\u003Cli class=\u0022page-item\u0022\u003E\u003Ca class=\u0022page-link\u0022 href=\u0022\/page\/77\/30\/tile_3col?ad=353\u0026page=3\u0022\u003E3\u003C\/a\u003E\u003C\/li\u003E\u003Cli class=\u0022page-item\u0022\u003E\u003Ca class=\u0022page-link\u0022 href=\u0022\/page\/77\/30\/tile_3col?ad=353\u0026page=4\u0022\u003E4\u003C\/a\u003E\u003C\/li\u003E\u003Cli class=\u0022page-item\u0022\u003E\u003Ca class=\u0022page-link\u0022 href=\u0022\/page\/77\/30\/tile_3col?ad=353\u0026page=5\u0022\u003E5\u003C\/a\u003E\u003C\/li\u003E\u003Cli class=\u0022page-item\u0022\u003E\u003Ca class=\u0022page-link\u0022 href=\u0022\/page\/77\/30\/tile_3col?ad=353\u0026page=6\u0022\u003E6\u003C\/a\u003E\u003C\/li\u003E\u003Cli class=\u0022page-item\u0022\u003E\u003Ca class=\u0022page-link\u0022 href=\u0022\/page\/77\/30\/tile_3col?ad=353\u0026page=7\u0022\u003E7\u003C\/a\u003E\u003C\/li\u003E\u003Cli class=\u0022page-item disabled\u0022\u003E\u003Cspan class=\u0022page-link\u0022\u003E\u0026hellip;\u003C\/span\u003E\u003C\/li\u003E\u003Cli class=\u0022page-item\u0022\u003E\u003Ca class=\u0022page-link\u0022 href=\u0022\/page\/77\/30\/tile_3col?ad=353\u0026page=413\u0022\u003E413\u003C\/a\u003E\u003C\/li\u003E\u003Cli class=\u0022page-item next\u0022\u003E\u003Ca class=\u0022page-link\u0022 href=\u0022\/page\/77\/30\/tile_3col?ad=353\u0026page=3\u0022 rel=\u0022next\u0022\u003EN\u00e4chste \u0026rarr;\u003C\/a\u003E\u003C\/li\u003E\u003C\/ul\u003E\n    \u003C\/div\u003E\n"}