{"html":"                                                            \n\n    \u003Carticle class=\u0022col-md-6 col-lg-4 block-tile type-article\u0022\u003E\n                    \u003Cdiv class=\u0022border rounded shadow-sm h-100 flex-column d-flex    \u0022\u003E\n                    \u003Ca href=\u0022\/ziele\/starkes-erdbeben-erschuettert-japans-suedinsel\u0022\u003E\n                            \n                            \n                    \u003Cdiv class=\u0022tile-body flex-grow-1 d-flex flex-column    \u0022\u003E\n                                                                                                            \u003Ch3 class=\u0022h2\u0022\u003EStarkes Erdbeben ersch\u00fcttert Japans S\u00fcdinsel\u003C\/h3\u003E\n                            \n                                    \n                                                                                    \u003Cp class=\u0022flex-grow-1\u0022\u003E\n                                                        \nEin Erdbeben der St\u00e4rke 7,1 hat die japanische Insel Kyushu ersch\u00fcttert. Mindestens ein Mensch kam ums Leben, mindestens\n                                                            \u0026hellip; \u003Cicon class=\u0022fa fa-angle-double-right ms-1\u0022\u003E\u003C\/icon\u003E\n                                                    \u003C\/p\u003E\n                                    \n                                                            \u003Ctime class=\u0022small\u0022 datetime=\u00222026-07-28T18:13:17+02:00\u0022\u003E\n                            28. Juli 2026 | 18:13 Uhr\n                        \u003C\/time\u003E\n                                                \u003C\/div\u003E\n            \u003C\/a\u003E\n            \u003C\/div\u003E\n            \u003C\/article\u003E\n\n                                                                    \n\n    \u003Carticle class=\u0022col-md-6 col-lg-4 block-tile type-article\u0022\u003E\n                    \u003Cdiv class=\u0022border rounded shadow-sm h-100 flex-column d-flex             bg-primary\n    \u0022\u003E\n                    \u003Ca href=\u0022\/ziele\/costa-rica-bestraft-unerlaubte-parkzugaenge-haerter\u0022\u003E\n                            \n                                                                                                                \u003Cfigure class=\u0022alias-article_16x9 img-fluid rounded-top\u0022 \u003E\n                                                                                                            \u003Cimg src=\u0022https:\/\/www.countervor9.de.dev.xrow.net\/var\/site\/storage\/images\/_aliases\/article_16x9\/7\/7\/1\/4\/3154177-1-ger-DE\/5ea65b13b03b-Costa-Rica-Irazu-Vulkan-Krater-iStock-Mario-Sergio-Andrioli-1488462101.jpg\u0022 alt=\u0022Costa Rica Iraz\u00fa Vulkan Krater\u0022 class=\u0022img-fluid\u0022 height=\u0022410\u0022 width=\u0022750\u0022 \/\u003E\n                                                    \u003Cfigcaption\u003E\n                                                                                                                        \u003Cdiv class=\u0022copyright-image text-end text-white pt-1 pe-2 ezrichtext-field\u0022\u003E\u003Cp\u003EiStock\/Mario Sergio Andrioli\u003C\/p\u003E\n\u003C\/div\u003E\n\n                                                                                                                                    \u003C\/figcaption\u003E\n                                            \u003C\/figure\u003E\n                                \n                    \u003Cdiv class=\u0022tile-body flex-grow-1 d-flex flex-column             text-white\n    \u0022\u003E\n                                                                                                    \u003Ch3 class=\u0022h2 flex-grow-1\u0022\u003ECosta Rica bestraft unerlaubte Parkzug\u00e4nge h\u00e4rter \u003Cicon class=\u0022fa fa-angle-double-right text-white ms-2\u0022\u003E\u003C\/icon\u003E\u003C\/h3\u003E\n                                    \n                                                    \n                                                            \u003Ctime class=\u0022small\u0022 datetime=\u00222026-07-28T14:32:12+02:00\u0022\u003E\n                            28. Juli 2026 | 14:32 Uhr\n                        \u003C\/time\u003E\n                                                \u003C\/div\u003E\n            \u003C\/a\u003E\n            \u003C\/div\u003E\n            \u003C\/article\u003E\n\n                                                                    \n\n    \u003Carticle class=\u0022col-md-6 col-lg-4 block-tile type-article\u0022\u003E\n                    \u003Cdiv class=\u0022border rounded shadow-sm h-100 flex-column d-flex    \u0022\u003E\n                    \u003Ca href=\u0022\/ziele\/airport-gatwick-laesst-parkroboter-autos-einparken\u0022\u003E\n                            \n                            \n                    \u003Cdiv class=\u0022tile-body flex-grow-1 d-flex flex-column    \u0022\u003E\n                                                                                                            \u003Ch3 class=\u0022h2\u0022\u003EAirport Gatwick l\u00e4sst Parkroboter Autos einparken\u003C\/h3\u003E\n                            \n                                    \n                                                                                    \u003Cp class=\u0022flex-grow-1\u0022\u003E\n                                                        \nDer Flughafen London-Gatwick setzt ab August als erster britischer Airport einen Parkroboter ein. Reisende stellen ihr\n                                                            \u0026hellip; \u003Cicon class=\u0022fa fa-angle-double-right ms-1\u0022\u003E\u003C\/icon\u003E\n                                                    \u003C\/p\u003E\n                                    \n                                                            \u003Ctime class=\u0022small\u0022 datetime=\u00222026-07-28T14:09:49+02:00\u0022\u003E\n                            28. Juli 2026 | 14:09 Uhr\n                        \u003C\/time\u003E\n                                                \u003C\/div\u003E\n            \u003C\/a\u003E\n            \u003C\/div\u003E\n            \u003C\/article\u003E\n\n                                                                    \n\n    \u003Carticle class=\u0022col-md-6 col-lg-4 block-tile type-article\u0022\u003E\n                    \u003Cdiv class=\u0022border rounded shadow-sm h-100 flex-column d-flex             bg-primary\n    \u0022\u003E\n                    \u003Ca href=\u0022\/ziele\/venedig-nimmt-5-4-millionen-euro-durch-eintrittsgeld-ein\u0022\u003E\n                            \n                                                                                                                \u003Cfigure class=\u0022alias-article_16x9 img-fluid rounded-top\u0022 \u003E\n                                                                                                            \u003Cimg src=\u0022https:\/\/www.countervor9.de.dev.xrow.net\/var\/site\/storage\/images\/_aliases\/article_16x9\/8\/3\/6\/7\/77638-1-ger-DE\/Italien Venedig Canale Grande Foto iStock Givaga.jpg\u0022 alt=\u0022Italien Venedig Canale Grande Foto iStock Givaga\u0022 class=\u0022img-fluid\u0022 height=\u0022410\u0022 width=\u0022750\u0022 \/\u003E\n                                                    \u003Cfigcaption\u003E\n                                                                                                                        \u003Cdiv class=\u0022copyright-image text-end text-white pt-1 pe-2 ezrichtext-field\u0022\u003E\u003Cp\u003EiStock\/Givaga\u003C\/p\u003E\n\u003C\/div\u003E\n\n                                                                                                                                    \u003C\/figcaption\u003E\n                                            \u003C\/figure\u003E\n                                \n                    \u003Cdiv class=\u0022tile-body flex-grow-1 d-flex flex-column             text-white\n    \u0022\u003E\n                                                                                                    \u003Ch3 class=\u0022h2 flex-grow-1\u0022\u003EVenedig nimmt 5,4 Millionen Euro durch Eintrittsgeld ein \u003Cicon class=\u0022fa fa-angle-double-right text-white ms-2\u0022\u003E\u003C\/icon\u003E\u003C\/h3\u003E\n                                    \n                                                    \n                                                            \u003Ctime class=\u0022small\u0022 datetime=\u00222026-07-28T14:04:29+02:00\u0022\u003E\n                            28. Juli 2026 | 14:04 Uhr\n                        \u003C\/time\u003E\n                                                \u003C\/div\u003E\n            \u003C\/a\u003E\n            \u003C\/div\u003E\n            \u003C\/article\u003E\n\n                                                                    \n\n    \u003Carticle class=\u0022col-md-6 col-lg-4 block-tile type-article\u0022\u003E\n                    \u003Cdiv class=\u0022border rounded shadow-sm h-100 flex-column d-flex    \u0022\u003E\n                    \u003Ca href=\u0022\/ziele\/urlauber-sollen-die-region-um-bordeaux-meiden\u0022\u003E\n                            \n                            \n                    \u003Cdiv class=\u0022tile-body flex-grow-1 d-flex flex-column    \u0022\u003E\n                                                                                                            \u003Ch3 class=\u0022h2\u0022\u003EUrlauber sollen die Region um Bordeaux meiden\u003C\/h3\u003E\n                            \n                                    \n                                                                                    \u003Cp class=\u0022flex-grow-1\u0022\u003E\n                                                        \nDie Regierung, der von schweren Waldbr\u00e4nden betroffenen Region um Bordeaux in Frankreich, hat an Urlauber appelliert, nicht\n                                                            \u0026hellip; \u003Cicon class=\u0022fa fa-angle-double-right ms-1\u0022\u003E\u003C\/icon\u003E\n                                                    \u003C\/p\u003E\n                                    \n                                                            \u003Ctime class=\u0022small\u0022 datetime=\u00222026-07-28T08:16:11+02:00\u0022\u003E\n                            28. Juli 2026 | 08:16 Uhr\n                        \u003C\/time\u003E\n                                                \u003C\/div\u003E\n            \u003C\/a\u003E\n            \u003C\/div\u003E\n            \u003C\/article\u003E\n\n                                                                    \n\n    \u003Carticle class=\u0022col-md-6 col-lg-4 block-tile type-article\u0022\u003E\n                    \u003Cdiv class=\u0022border rounded shadow-sm h-100 flex-column d-flex    \u0022\u003E\n                    \u003Ca href=\u0022\/ziele\/wasserproblem-legt-airport-london-gatwick-teilweise-lahn\u0022\u003E\n                            \n                            \n                    \u003Cdiv class=\u0022tile-body flex-grow-1 d-flex flex-column    \u0022\u003E\n                                                                                                            \u003Ch3 class=\u0022h2\u0022\u003EWasserproblem legt Airport London-Gatwick teilweise lahn\u003C\/h3\u003E\n                            \n                                    \n                                                                                    \u003Cp class=\u0022flex-grow-1\u0022\u003E\n                                                        \nEin Wasserausfall hat am Sonntag den Betrieb am Flughafen London-Gatwick stark beeintr\u00e4chtigt. Toiletten konnten zeitweise\n                                                            \u0026hellip; \u003Cicon class=\u0022fa fa-angle-double-right ms-1\u0022\u003E\u003C\/icon\u003E\n                                                    \u003C\/p\u003E\n                                    \n                                                            \u003Ctime class=\u0022small\u0022 datetime=\u00222026-07-27T13:46:17+02:00\u0022\u003E\n                            27. Juli 2026 | 13:46 Uhr\n                        \u003C\/time\u003E\n                                                \u003C\/div\u003E\n            \u003C\/a\u003E\n            \u003C\/div\u003E\n            \u003C\/article\u003E\n\n                                                                    \n\n    \u003Carticle class=\u0022col-md-6 col-lg-4 block-tile type-article\u0022\u003E\n                    \u003Cdiv class=\u0022border rounded shadow-sm h-100 flex-column d-flex             bg-primary\n    \u0022\u003E\n                    \u003Ca href=\u0022\/ziele\/grossdemo-gegen-zu-viel-tourismus-auf-mallorca\u0022\u003E\n                            \n                                                                                                                \u003Cfigure class=\u0022alias-article_16x9 img-fluid rounded-top\u0022 \u003E\n                                                                                                            \u003Cimg src=\u0022https:\/\/www.countervor9.de.dev.xrow.net\/var\/site\/storage\/images\/_aliases\/article_16x9\/1\/0\/4\/2\/3152401-1-ger-DE\/508bf51fdb26-Mallorca-Palma-iStock-1MEDIA-2172956575.jpg\u0022 alt=\u0022Mallorca Palma\u0022 class=\u0022img-fluid\u0022 height=\u0022410\u0022 width=\u0022750\u0022 \/\u003E\n                                                    \u003Cfigcaption\u003E\n                                                                                                                        \u003Cdiv class=\u0022copyright-image text-end text-white pt-1 pe-2 ezrichtext-field\u0022\u003E\u003Cp\u003EiStock\/1MEDIA\u003C\/p\u003E\n\u003C\/div\u003E\n\n                                                                                                                                    \u003C\/figcaption\u003E\n                                            \u003C\/figure\u003E\n                                \n                    \u003Cdiv class=\u0022tile-body flex-grow-1 d-flex flex-column             text-white\n    \u0022\u003E\n                                                                                                    \u003Ch3 class=\u0022h2 flex-grow-1\u0022\u003EGro\u00dfdemo gegen zu viel Tourismus auf Mallorca \u003Cicon class=\u0022fa fa-angle-double-right text-white ms-2\u0022\u003E\u003C\/icon\u003E\u003C\/h3\u003E\n                                    \n                                                    \n                                                            \u003Ctime class=\u0022small\u0022 datetime=\u00222026-07-27T13:42:04+02:00\u0022\u003E\n                            27. Juli 2026 | 13:42 Uhr\n                        \u003C\/time\u003E\n                                                \u003C\/div\u003E\n            \u003C\/a\u003E\n            \u003C\/div\u003E\n            \u003C\/article\u003E\n\n                                                                    \n\n    \u003Carticle class=\u0022col-md-6 col-lg-4 block-tile type-article\u0022\u003E\n                    \u003Cdiv class=\u0022border rounded shadow-sm h-100 flex-column d-flex    \u0022\u003E\n                    \u003Ca href=\u0022\/ziele\/tausende-passagiere-stranden-nach-taifun-in-hongkong\u0022\u003E\n                            \n                            \n                    \u003Cdiv class=\u0022tile-body flex-grow-1 d-flex flex-column    \u0022\u003E\n                                                                                                            \u003Ch3 class=\u0022h2\u0022\u003ETausende Passagiere stranden nach Taifun in Hongkong\u003C\/h3\u003E\n                            \n                                    \n                                                                                    \u003Cp class=\u0022flex-grow-1\u0022\u003E\n                                                        \nEin Taifun hat am Flughafen von Hongkong f\u00fcr chaotische Zust\u00e4nde gesorgt, nachdem rund 350 Fl\u00fcge abgesagt werden mussten\n                                                            \u0026hellip; \u003Cicon class=\u0022fa fa-angle-double-right ms-1\u0022\u003E\u003C\/icon\u003E\n                                                    \u003C\/p\u003E\n                                    \n                                                            \u003Ctime class=\u0022small\u0022 datetime=\u00222026-07-27T08:36:42+02:00\u0022\u003E\n                            27. Juli 2026 | 08:36 Uhr\n                        \u003C\/time\u003E\n                                                \u003C\/div\u003E\n            \u003C\/a\u003E\n            \u003C\/div\u003E\n            \u003C\/article\u003E\n\n                                                                    \n\n    \u003Carticle class=\u0022col-md-6 col-lg-4 block-tile type-article\u0022\u003E\n                    \u003Cdiv class=\u0022border rounded shadow-sm h-100 flex-column d-flex    \u0022\u003E\n                    \u003Ca href=\u0022\/ziele\/auswaertiges-amt-raet-von-reisen-nach-dubai-ab\u0022\u003E\n                            \n                            \n                    \u003Cdiv class=\u0022tile-body flex-grow-1 d-flex flex-column    \u0022\u003E\n                                                                                                            \u003Ch3 class=\u0022h2\u0022\u003EAusw\u00e4rtiges Amt r\u00e4t von Reisen nach Dubai ab\u003C\/h3\u003E\n                            \n                                    \n                                                                                    \u003Cp class=\u0022flex-grow-1\u0022\u003E\n                                                        \nF\u00fcr Dubai und die gesamten Vereinigten Arabischen Emirate aktualisiert das Ausw\u00e4rtige Amt den Sicherheitshinweis und r\u00e4t\n                                                            \u0026hellip; \u003Cicon class=\u0022fa fa-angle-double-right ms-1\u0022\u003E\u003C\/icon\u003E\n                                                    \u003C\/p\u003E\n                                    \n                                                            \u003Ctime class=\u0022small\u0022 datetime=\u00222026-07-26T16:20:44+02:00\u0022\u003E\n                            26. Juli 2026 | 16:20 Uhr\n                        \u003C\/time\u003E\n                                                \u003C\/div\u003E\n            \u003C\/a\u003E\n            \u003C\/div\u003E\n            \u003C\/article\u003E\n\n                                                                    \n\n    \u003Carticle class=\u0022col-md-6 col-lg-4 block-tile type-article\u0022\u003E\n                    \u003Cdiv class=\u0022border rounded shadow-sm h-100 flex-column d-flex    \u0022\u003E\n                    \u003Ca href=\u0022\/ziele\/evakuierungen-in-frankreich-und-spanien-wegen-waldbraenden\u0022\u003E\n                            \n                            \n                    \u003Cdiv class=\u0022tile-body flex-grow-1 d-flex flex-column    \u0022\u003E\n                                                                                                            \u003Ch3 class=\u0022h2\u0022\u003EEvakuierungen in Frankreich und Spanien wegen Waldbr\u00e4nden\u003C\/h3\u003E\n                            \n                                    \n                                                                                    \u003Cp class=\u0022flex-grow-1\u0022\u003E\n                                                        \nDie Waldbr\u00e4nde in Frankreich und Spanien haben zu umfangreichen Evakuierungen gef\u00fchrt. In Frankreich wurden mehr als 220.000\n                                                            \u0026hellip; \u003Cicon class=\u0022fa fa-angle-double-right ms-1\u0022\u003E\u003C\/icon\u003E\n                                                    \u003C\/p\u003E\n                                    \n                                                            \u003Ctime class=\u0022small\u0022 datetime=\u00222026-07-26T16:16:55+02:00\u0022\u003E\n                            26. Juli 2026 | 16:16 Uhr\n                        \u003C\/time\u003E\n                                                \u003C\/div\u003E\n            \u003C\/a\u003E\n            \u003C\/div\u003E\n            \u003C\/article\u003E\n\n                                                                    \n\n    \u003Carticle class=\u0022col-md-6 col-lg-4 block-tile type-article\u0022\u003E\n                    \u003Cdiv class=\u0022border rounded shadow-sm h-100 flex-column d-flex    \u0022\u003E\n                    \u003Ca href=\u0022\/ziele\/christopher-street-day-in-berlin-nach-anschlag-abgebrochen\u0022\u003E\n                            \n                            \n                    \u003Cdiv class=\u0022tile-body flex-grow-1 d-flex flex-column    \u0022\u003E\n                                                                                                            \u003Ch3 class=\u0022h2\u0022\u003EChristopher Street Day in Berlin nach Anschlag abgebrochen\u003C\/h3\u003E\n                            \n                                    \n                                                                                    \u003Cp class=\u0022flex-grow-1\u0022\u003E\n                                                        \nDer Christopher Street Day in Berlin ist nach einem Anschlag am Samstagabend abgebrochen worden. Ein Fahrzeug fuhr in eine\n                                                            \u0026hellip; \u003Cicon class=\u0022fa fa-angle-double-right ms-1\u0022\u003E\u003C\/icon\u003E\n                                                    \u003C\/p\u003E\n                                    \n                                                            \u003Ctime class=\u0022small\u0022 datetime=\u00222026-07-26T16:12:13+02:00\u0022\u003E\n                            26. Juli 2026 | 16:12 Uhr\n                        \u003C\/time\u003E\n                                                \u003C\/div\u003E\n            \u003C\/a\u003E\n            \u003C\/div\u003E\n            \u003C\/article\u003E\n\n                                                                    \n\n    \u003Carticle class=\u0022col-md-6 col-lg-4 block-tile type-article\u0022\u003E\n                    \u003Cdiv class=\u0022border rounded shadow-sm h-100 flex-column d-flex             bg-primary\n    \u0022\u003E\n                    \u003Ca href=\u0022\/ziele\/phoenix-schiff-kollidiert-bei-wien-mit-kaimauer\u0022\u003E\n                            \n                                                                                                                \u003Cfigure class=\u0022alias-article_16x9 img-fluid rounded-top\u0022 \u003E\n                                                                                                            \u003Cimg src=\u0022https:\/\/www.countervor9.de.dev.xrow.net\/var\/site\/storage\/images\/_aliases\/article_16x9\/6\/7\/8\/5\/125876-1-ger-DE\/Phoenix Reisen MS Anna Katharina Foto Phoenix reisen.jpg\u0022 alt=\u0022Phoenix Reisen MS Anna Katharina Foto Phoenix reisen\u0022 class=\u0022img-fluid\u0022 height=\u0022410\u0022 width=\u0022750\u0022 \/\u003E\n                                                    \u003Cfigcaption\u003E\n                                                                                                                        \u003Cdiv class=\u0022copyright-image text-end text-white pt-1 pe-2 ezrichtext-field\u0022\u003E\u003Cp\u003EPhoenix Reisen\u003C\/p\u003E\n\u003C\/div\u003E\n\n                                                                                                                                    \u003C\/figcaption\u003E\n                                            \u003C\/figure\u003E\n                                \n                    \u003Cdiv class=\u0022tile-body flex-grow-1 d-flex flex-column             text-white\n    \u0022\u003E\n                                                                                                    \u003Ch3 class=\u0022h2 flex-grow-1\u0022\u003EPhoenix-Schiff kollidiert bei Wien mit Kaimauer \u003Cicon class=\u0022fa fa-angle-double-right text-white ms-2\u0022\u003E\u003C\/icon\u003E\u003C\/h3\u003E\n                                    \n                                                    \n                                                            \u003Ctime class=\u0022small\u0022 datetime=\u00222026-07-24T17:09:13+02:00\u0022\u003E\n                            24. Juli 2026 | 17:09 Uhr\n                        \u003C\/time\u003E\n                                                \u003C\/div\u003E\n            \u003C\/a\u003E\n            \u003C\/div\u003E\n            \u003C\/article\u003E\n\n                                                                    \n\n    \u003Carticle class=\u0022col-md-6 col-lg-4 block-tile type-article\u0022\u003E\n                    \u003Cdiv class=\u0022border rounded shadow-sm h-100 flex-column d-flex    \u0022\u003E\n                    \u003Ca href=\u0022\/ziele\/edinburgh-fuehrt-touristenabgabe-ein\u0022\u003E\n                            \n                            \n                    \u003Cdiv class=\u0022tile-body flex-grow-1 d-flex flex-column    \u0022\u003E\n                                                                                                            \u003Ch3 class=\u0022h2\u0022\u003EEdinburgh f\u00fchrt Touristenabgabe ein\u003C\/h3\u003E\n                            \n                                    \n                                                                                    \u003Cp class=\u0022flex-grow-1\u0022\u003E\n                                                        \nEdinburgh erhebt seit dem 24. Juli als erste britische Stadt eine Touristenabgabe. Sie betr\u00e4gt f\u00fcnf Prozent des \u00dcbernachtungspreises\n                                                            \u0026hellip; \u003Cicon class=\u0022fa fa-angle-double-right ms-1\u0022\u003E\u003C\/icon\u003E\n                                                    \u003C\/p\u003E\n                                    \n                                                            \u003Ctime class=\u0022small\u0022 datetime=\u00222026-07-24T16:33:01+02:00\u0022\u003E\n                            24. Juli 2026 | 16:33 Uhr\n                        \u003C\/time\u003E\n                                                \u003C\/div\u003E\n            \u003C\/a\u003E\n            \u003C\/div\u003E\n            \u003C\/article\u003E\n\n                                                                    \n\n    \u003Carticle class=\u0022col-md-6 col-lg-4 block-tile type-article\u0022\u003E\n                    \u003Cdiv class=\u0022border rounded shadow-sm h-100 flex-column d-flex    \u0022\u003E\n                    \u003Ca href=\u0022\/ziele\/stromausfaelle-in-tunesien-durch-hitzewelle\u0022\u003E\n                            \n                            \n                    \u003Cdiv class=\u0022tile-body flex-grow-1 d-flex flex-column    \u0022\u003E\n                                                                                                            \u003Ch3 class=\u0022h2\u0022\u003EStromausf\u00e4lle in Tunesien durch Hitzewelle\u003C\/h3\u003E\n                            \n                                    \n                                                                                    \u003Cp class=\u0022flex-grow-1\u0022\u003E\n                                                        \nIn Tunesien herrschen derzeit Temperaturen von bis zu 47 Grad. Wegen der erh\u00f6hten Auslastung des Stromnetzes f\u00fchre die\n                                                            \u0026hellip; \u003Cicon class=\u0022fa fa-angle-double-right ms-1\u0022\u003E\u003C\/icon\u003E\n                                                    \u003C\/p\u003E\n                                    \n                                                            \u003Ctime class=\u0022small\u0022 datetime=\u00222026-07-24T14:30:29+02:00\u0022\u003E\n                            24. Juli 2026 | 14:30 Uhr\n                        \u003C\/time\u003E\n                                                \u003C\/div\u003E\n            \u003C\/a\u003E\n            \u003C\/div\u003E\n            \u003C\/article\u003E\n\n                                                                    \n\n    \u003Carticle class=\u0022col-md-6 col-lg-4 block-tile type-article\u0022\u003E\n                    \u003Cdiv class=\u0022border rounded shadow-sm h-100 flex-column d-flex             bg-primary\n    \u0022\u003E\n                    \u003Ca href=\u0022\/ziele\/tausende-touristen-an-frankreichs-atlantikkueste-evakuiert\u0022\u003E\n                            \n                                                                                                                \u003Cfigure class=\u0022alias-article_16x9 img-fluid rounded-top\u0022 \u003E\n                                                                                                            \u003Cimg src=\u0022https:\/\/www.countervor9.de.dev.xrow.net\/var\/site\/storage\/images\/_aliases\/article_16x9\/9\/9\/2\/1\/3151299-1-ger-DE\/700610f0c5a8-Frankreich-Arcachon-Foto-iStock-Spirit-Prod-33.jpg\u0022 alt=\u0022Frankreich Arcachon Foto iStock Spirit Prod 33\u0022 class=\u0022img-fluid\u0022 height=\u0022410\u0022 width=\u0022750\u0022 \/\u003E\n                                                    \u003Cfigcaption\u003E\n                                                                                                                        \u003Cdiv class=\u0022copyright-image text-end text-white pt-1 pe-2 ezrichtext-field\u0022\u003E\u003Cp\u003EiStock Spirit Prod 33\u003C\/p\u003E\n\u003C\/div\u003E\n\n                                                                                                                                    \u003C\/figcaption\u003E\n                                            \u003C\/figure\u003E\n                                \n                    \u003Cdiv class=\u0022tile-body flex-grow-1 d-flex flex-column             text-white\n    \u0022\u003E\n                                                                                                    \u003Ch3 class=\u0022h2 flex-grow-1\u0022\u003ETausende Touristen an Frankreichs Atlantikk\u00fcste evakuiert \u003Cicon class=\u0022fa fa-angle-double-right text-white ms-2\u0022\u003E\u003C\/icon\u003E\u003C\/h3\u003E\n                                    \n                                                    \n                                                            \u003Ctime class=\u0022small\u0022 datetime=\u00222026-07-24T07:00:15+02:00\u0022\u003E\n                            24. Juli 2026 | 07:00 Uhr\n                        \u003C\/time\u003E\n                                                \u003C\/div\u003E\n            \u003C\/a\u003E\n            \u003C\/div\u003E\n            \u003C\/article\u003E\n\n                                                                    \n\n    \u003Carticle class=\u0022col-md-6 col-lg-4 block-tile type-article\u0022\u003E\n                    \u003Cdiv class=\u0022border rounded shadow-sm h-100 flex-column d-flex             bg-primary\n    \u0022\u003E\n                    \u003Ca href=\u0022\/ziele\/aegyptens-visum-bei-ankunft-wird-digital-und-teurer\u0022\u003E\n                            \n                                                                                                                \u003Cfigure class=\u0022alias-article_16x9 img-fluid rounded-top\u0022 \u003E\n                                                                                                            \u003Cimg src=\u0022https:\/\/www.countervor9.de.dev.xrow.net\/var\/site\/storage\/images\/_aliases\/article_16x9\/3\/8\/2\/0\/3150283-1-ger-DE\/8587af0f0f93-Aegypten-Kairo-Flughafen-Foto-iStock-Arkadiusz-Warguta.jpg\u0022 alt=\u0022\u00c4gypten Kairo Flughafen Foto iStock Arkadiusz Warguta\u0022 class=\u0022img-fluid\u0022 height=\u0022410\u0022 width=\u0022750\u0022 \/\u003E\n                                                    \u003Cfigcaption\u003E\n                                                                                                                        \u003Cdiv class=\u0022copyright-image text-end text-white pt-1 pe-2 ezrichtext-field\u0022\u003E\u003Cp\u003EiStock Arkadiusz Warguta\u003C\/p\u003E\n\u003C\/div\u003E\n\n                                                                                                                                    \u003C\/figcaption\u003E\n                                            \u003C\/figure\u003E\n                                \n                    \u003Cdiv class=\u0022tile-body flex-grow-1 d-flex flex-column             text-white\n    \u0022\u003E\n                                                                                                    \u003Ch3 class=\u0022h2 flex-grow-1\u0022\u003E\u00c4gyptens Visum bei Ankunft wird digital und teurer \u003Cicon class=\u0022fa fa-angle-double-right text-white ms-2\u0022\u003E\u003C\/icon\u003E\u003C\/h3\u003E\n                                    \n                                                    \n                                                            \u003Ctime class=\u0022small\u0022 datetime=\u00222026-07-24T07:00:13+02:00\u0022\u003E\n                            24. Juli 2026 | 07:00 Uhr\n                        \u003C\/time\u003E\n                                                \u003C\/div\u003E\n            \u003C\/a\u003E\n            \u003C\/div\u003E\n            \u003C\/article\u003E\n\n                                                                    \n\n    \u003Carticle class=\u0022col-md-6 col-lg-4 block-tile type-article\u0022\u003E\n                    \u003Cdiv class=\u0022border rounded shadow-sm h-100 flex-column d-flex             bg-primary\n    \u0022\u003E\n                    \u003Ca href=\u0022\/ziele\/machtkampf-in-indiens-luftfahrt\u0022\u003E\n                            \n                                                                                                                \u003Cfigure class=\u0022alias-article_16x9 img-fluid rounded-top\u0022 \u003E\n                                                                                                            \u003Cimg src=\u0022https:\/\/www.countervor9.de.dev.xrow.net\/var\/site\/storage\/images\/_aliases\/article_16x9\/6\/2\/4\/9\/2829426-1-ger-DE\/6bf2a25d0d62-Air-India-Boeing-787.iStock-Yatrik-Sheth-875531172.jpg\u0022 alt=\u0022Air India Boeing 787\u0022 class=\u0022img-fluid\u0022 height=\u0022410\u0022 width=\u0022750\u0022 \/\u003E\n                                                    \u003Cfigcaption\u003E\n                                                                                                                        \u003Cdiv class=\u0022copyright-image text-end text-white pt-1 pe-2 ezrichtext-field\u0022\u003E\u003Cp\u003EiStock\/Yatrik Sheth\u003C\/p\u003E\n\u003C\/div\u003E\n\n                                                                                                                                    \u003C\/figcaption\u003E\n                                            \u003C\/figure\u003E\n                                \n                    \u003Cdiv class=\u0022tile-body flex-grow-1 d-flex flex-column             text-white\n    \u0022\u003E\n                                                                                                    \u003Ch3 class=\u0022h2 flex-grow-1\u0022\u003EMachtkampf in Indiens Luftfahrt \u003Cicon class=\u0022fa fa-angle-double-right text-white ms-2\u0022\u003E\u003C\/icon\u003E\u003C\/h3\u003E\n                                    \n                                                    \n                                                            \u003Ctime class=\u0022small\u0022 datetime=\u00222026-07-23T17:49:01+02:00\u0022\u003E\n                            23. Juli 2026 | 17:49 Uhr\n                        \u003C\/time\u003E\n                                                \u003C\/div\u003E\n            \u003C\/a\u003E\n            \u003C\/div\u003E\n            \u003C\/article\u003E\n\n                                                                    \n\n    \u003Carticle class=\u0022col-md-6 col-lg-4 block-tile type-article\u0022\u003E\n                    \u003Cdiv class=\u0022border rounded shadow-sm h-100 flex-column d-flex    \u0022\u003E\n                    \u003Ca href=\u0022\/ziele\/royal-caribbean-setzt-haiti-anlaeufe-bis-mitte-2027-aus\u0022\u003E\n                            \n                            \n                    \u003Cdiv class=\u0022tile-body flex-grow-1 d-flex flex-column    \u0022\u003E\n                                                                                                            \u003Ch3 class=\u0022h2\u0022\u003ERoyal Caribbean setzt Haiti-Anl\u00e4ufe bis Mitte 2027 aus\u003C\/h3\u003E\n                            \n                                    \n                                                                                    \u003Cp class=\u0022flex-grow-1\u0022\u003E\n                                                        \nRoyal Caribbean streicht bis einschlie\u00dflich Juni 2027 alle Anl\u00e4ufe der \u0026quot;Privatdestination\u0026quot; Labadee im Norden Haitis. Die\n                                                            \u0026hellip; \u003Cicon class=\u0022fa fa-angle-double-right ms-1\u0022\u003E\u003C\/icon\u003E\n                                                    \u003C\/p\u003E\n                                    \n                                                            \u003Ctime class=\u0022small\u0022 datetime=\u00222026-07-23T15:06:34+02:00\u0022\u003E\n                            23. Juli 2026 | 15:06 Uhr\n                        \u003C\/time\u003E\n                                                \u003C\/div\u003E\n            \u003C\/a\u003E\n            \u003C\/div\u003E\n            \u003C\/article\u003E\n\n                                                                    \n\n    \u003Carticle class=\u0022col-md-6 col-lg-4 block-tile type-article\u0022\u003E\n                    \u003Cdiv class=\u0022border rounded shadow-sm h-100 flex-column d-flex    \u0022\u003E\n                    \u003Ca href=\u0022\/ziele\/bodenpersonal-an-mallorcas-flughafen-kuendigt-streik-an\u0022\u003E\n                            \n                            \n                    \u003Cdiv class=\u0022tile-body flex-grow-1 d-flex flex-column    \u0022\u003E\n                                                                                                            \u003Ch3 class=\u0022h2\u0022\u003EBodenpersonal an Mallorcas Flughafen k\u00fcndigt Streik an\u003C\/h3\u003E\n                            \n                                    \n                                                                                    \u003Cp class=\u0022flex-grow-1\u0022\u003E\n                                                        \nDas Bodenpersonal des Dienstleisters Swissport am Flughafen Palma de Mallorca plant am 28. Juli sowie am 1., 4. und 8\n                                                            \u0026hellip; \u003Cicon class=\u0022fa fa-angle-double-right ms-1\u0022\u003E\u003C\/icon\u003E\n                                                    \u003C\/p\u003E\n                                    \n                                                            \u003Ctime class=\u0022small\u0022 datetime=\u00222026-07-23T14:48:27+02:00\u0022\u003E\n                            23. Juli 2026 | 14:48 Uhr\n                        \u003C\/time\u003E\n                                                \u003C\/div\u003E\n            \u003C\/a\u003E\n            \u003C\/div\u003E\n            \u003C\/article\u003E\n\n                                                                    \n\n    \u003Carticle class=\u0022col-md-6 col-lg-4 block-tile type-article\u0022\u003E\n                    \u003Cdiv class=\u0022border rounded shadow-sm h-100 flex-column d-flex    \u0022\u003E\n                    \u003Ca href=\u0022\/ziele\/wichtige-nordseerouten-in-holland-werden-gesperrt\u0022\u003E\n                            \n                            \n                    \u003Cdiv class=\u0022tile-body flex-grow-1 d-flex flex-column    \u0022\u003E\n                                                                                                            \u003Ch3 class=\u0022h2\u0022\u003EWichtige Nordseerouten in Holland werden gesperrt\u003C\/h3\u003E\n                            \n                                    \n                                                                                    \u003Cp class=\u0022flex-grow-1\u0022\u003E\n                                                        \nAutofahrer m\u00fcssen sich auf der niederl\u00e4ndischen Autobahn A12 ab 24. Juli auf l\u00e4ngere Fahrzeiten einstellen. Die wichtige\n                                                            \u0026hellip; \u003Cicon class=\u0022fa fa-angle-double-right ms-1\u0022\u003E\u003C\/icon\u003E\n                                                    \u003C\/p\u003E\n                                    \n                                                            \u003Ctime class=\u0022small\u0022 datetime=\u00222026-07-23T07:00:13+02:00\u0022\u003E\n                            23. Juli 2026 | 07:00 Uhr\n                        \u003C\/time\u003E\n                                                \u003C\/div\u003E\n            \u003C\/a\u003E\n            \u003C\/div\u003E\n            \u003C\/article\u003E\n\n                                                                    \n\n    \u003Carticle class=\u0022col-md-6 col-lg-4 block-tile type-article\u0022\u003E\n                    \u003Cdiv class=\u0022border rounded shadow-sm h-100 flex-column d-flex    \u0022\u003E\n                    \u003Ca href=\u0022\/ziele\/kuenstliche-surfanlage-bringt-die-perfekte-welle-nach-madrid\u0022\u003E\n                            \n                            \n                    \u003Cdiv class=\u0022tile-body flex-grow-1 d-flex flex-column    \u0022\u003E\n                                                                                                            \u003Ch3 class=\u0022h2\u0022\u003EK\u00fcnstliche Surfanlage bringt die perfekte Welle nach Madrid\u003C\/h3\u003E\n                            \n                                    \n                                                                                    \u003Cp class=\u0022flex-grow-1\u0022\u003E\n                                                        \nIn Spaniens Hauptstadt entsteht direkt neben dem Stadion des Fu\u00dfballclubs Atl\u00e9tico Madrid Europas gr\u00f6\u00dfte k\u00fcnstliche Surflagune\n                                                            \u0026hellip; \u003Cicon class=\u0022fa fa-angle-double-right ms-1\u0022\u003E\u003C\/icon\u003E\n                                                    \u003C\/p\u003E\n                                    \n                                                            \u003Ctime class=\u0022small\u0022 datetime=\u00222026-07-23T07:00:13+02:00\u0022\u003E\n                            23. Juli 2026 | 07:00 Uhr\n                        \u003C\/time\u003E\n                                                \u003C\/div\u003E\n            \u003C\/a\u003E\n            \u003C\/div\u003E\n            \u003C\/article\u003E\n\n                                                                    \n\n    \u003Carticle class=\u0022col-md-6 col-lg-4 block-tile type-article\u0022\u003E\n                    \u003Cdiv class=\u0022border rounded shadow-sm h-100 flex-column d-flex             bg-primary\n    \u0022\u003E\n                    \u003Ca href=\u0022\/ziele\/thailand-baut-groesseres-kreuzfahrtterminal-auf-koh-samui\u0022\u003E\n                            \n                                                                                                                \u003Cfigure class=\u0022alias-article_16x9 img-fluid rounded-top\u0022 \u003E\n                                                                                                            \u003Cimg src=\u0022https:\/\/www.countervor9.de.dev.xrow.net\/var\/site\/storage\/images\/_aliases\/article_16x9\/3\/0\/4\/9\/1269403-1-ger-DE\/Thailand Koh Samui Crystal Beach Foto iStock Tupikov.jpg\u0022 alt=\u0022Thailand Koh Samui Crystal Beach Foto iStock Tupikov.jpg\u0022 class=\u0022img-fluid\u0022 height=\u0022410\u0022 width=\u0022750\u0022 \/\u003E\n                                                    \u003Cfigcaption\u003E\n                                                                                                                        \u003Cdiv class=\u0022copyright-image text-end text-white pt-1 pe-2 ezrichtext-field\u0022\u003E\u003Cp\u003E\u0026nbsp;iStock\/Tupikov\u003C\/p\u003E\n\u003C\/div\u003E\n\n                                                                                                                                    \u003C\/figcaption\u003E\n                                            \u003C\/figure\u003E\n                                \n                    \u003Cdiv class=\u0022tile-body flex-grow-1 d-flex flex-column             text-white\n    \u0022\u003E\n                                                                                                    \u003Ch3 class=\u0022h2 flex-grow-1\u0022\u003EThailand baut gr\u00f6\u00dferes \u003Cspan class=\u0027hyphen\u0027\u003EKreuzfahrtterminal\u003C\/span\u003E auf Koh Samui \u003Cicon class=\u0022fa fa-angle-double-right text-white ms-2\u0022\u003E\u003C\/icon\u003E\u003C\/h3\u003E\n                                    \n                                                    \n                                                            \u003Ctime class=\u0022small\u0022 datetime=\u00222026-07-23T07:00:13+02:00\u0022\u003E\n                            23. Juli 2026 | 07:00 Uhr\n                        \u003C\/time\u003E\n                                                \u003C\/div\u003E\n            \u003C\/a\u003E\n            \u003C\/div\u003E\n            \u003C\/article\u003E\n\n                                                                    \n\n    \u003Carticle class=\u0022col-md-6 col-lg-4 block-tile type-article\u0022\u003E\n                    \u003Cdiv class=\u0022border rounded shadow-sm h-100 flex-column d-flex    \u0022\u003E\n                    \u003Ca href=\u0022\/ziele\/frankreich-spanien-und-italien-kaempfen-weiter-mit-braenden\u0022\u003E\n                            \n                            \n                    \u003Cdiv class=\u0022tile-body flex-grow-1 d-flex flex-column    \u0022\u003E\n                                                                                                            \u003Ch3 class=\u0022h2\u0022\u003EFrankreich, Spanien und Italien k\u00e4mpfen weiter mit Br\u00e4nden\u003C\/h3\u003E\n                            \n                                    \n                                                                                    \u003Cp class=\u0022flex-grow-1\u0022\u003E\n                                                        \nHitze, Trockenheit, Wind und ausged\u00f6rrte Vegetation treiben die Waldbr\u00e4nde in Spanien und Frankreich an. Auch auf Sizilien\n                                                            \u0026hellip; \u003Cicon class=\u0022fa fa-angle-double-right ms-1\u0022\u003E\u003C\/icon\u003E\n                                                    \u003C\/p\u003E\n                                    \n                                                            \u003Ctime class=\u0022small\u0022 datetime=\u00222026-07-22T14:29:36+02:00\u0022\u003E\n                            22. Juli 2026 | 14:29 Uhr\n                        \u003C\/time\u003E\n                                                \u003C\/div\u003E\n            \u003C\/a\u003E\n            \u003C\/div\u003E\n            \u003C\/article\u003E\n\n                                                                    \n\n    \u003Carticle class=\u0022col-md-6 col-lg-4 block-tile type-article\u0022\u003E\n                    \u003Cdiv class=\u0022border rounded shadow-sm h-100 flex-column d-flex    \u0022\u003E\n                    \u003Ca href=\u0022\/ziele\/bahn-kuendigt-alkoholverbot-fuer-alle-bahnhoefe-bundesweit-an\u0022\u003E\n                            \n                            \n                    \u003Cdiv class=\u0022tile-body flex-grow-1 d-flex flex-column    \u0022\u003E\n                                                                                                            \u003Ch3 class=\u0022h2\u0022\u003EBahn k\u00fcndigt Alkoholverbot f\u00fcr alle Bahnh\u00f6fe bundesweit an\u003C\/h3\u003E\n                            \n                                    \n                                                                                    \u003Cp class=\u0022flex-grow-1\u0022\u003E\n                                                        \nDie Bahn will an allen 5.400 Bahnh\u00f6fen in Deutschland ein Alkoholverbot durchsetzen. K\u00fcnftig soll das Trinken auf Bahnsteigen\n                                                            \u0026hellip; \u003Cicon class=\u0022fa fa-angle-double-right ms-1\u0022\u003E\u003C\/icon\u003E\n                                                    \u003C\/p\u003E\n                                    \n                                                            \u003Ctime class=\u0022small\u0022 datetime=\u00222026-07-22T07:00:12+02:00\u0022\u003E\n                            22. Juli 2026 | 07:00 Uhr\n                        \u003C\/time\u003E\n                                                \u003C\/div\u003E\n            \u003C\/a\u003E\n            \u003C\/div\u003E\n            \u003C\/article\u003E\n\n                                                                    \n\n    \u003Carticle class=\u0022col-md-6 col-lg-4 block-tile type-article\u0022\u003E\n                    \u003Cdiv class=\u0022border rounded shadow-sm h-100 flex-column d-flex    \u0022\u003E\n                    \u003Ca href=\u0022\/ziele\/verdacht-auf-gasvergiftung-an-hotelpool-in-spanien\u0022\u003E\n                            \n                            \n                    \u003Cdiv class=\u0022tile-body flex-grow-1 d-flex flex-column    \u0022\u003E\n                                                                                                            \u003Ch3 class=\u0022h2\u0022\u003EVerdacht auf Gasvergiftung an Hotelpool in Spanien\u003C\/h3\u003E\n                            \n                                    \n                                                                                    \u003Cp class=\u0022flex-grow-1\u0022\u003E\n                                                        \nNach einem Zwischenfall im Schwimmbecken eines Hotels im Urlaubsort Benahav\u00eds nahe Marbella mussten 60 Touristen medizinisch\n                                                            \u0026hellip; \u003Cicon class=\u0022fa fa-angle-double-right ms-1\u0022\u003E\u003C\/icon\u003E\n                                                    \u003C\/p\u003E\n                                    \n                                                            \u003Ctime class=\u0022small\u0022 datetime=\u00222026-07-22T07:00:11+02:00\u0022\u003E\n                            22. Juli 2026 | 07:00 Uhr\n                        \u003C\/time\u003E\n                                                \u003C\/div\u003E\n            \u003C\/a\u003E\n            \u003C\/div\u003E\n            \u003C\/article\u003E\n\n                                                                    \n\n    \u003Carticle class=\u0022col-md-6 col-lg-4 block-tile type-article\u0022\u003E\n                    \u003Cdiv class=\u0022border rounded shadow-sm h-100 flex-column d-flex    \u0022\u003E\n                    \u003Ca href=\u0022\/ziele\/auswaertiges-amt-raet-auch-von-reisen-nach-aqaba-dringend-ab\u0022\u003E\n                            \n                            \n                    \u003Cdiv class=\u0022tile-body flex-grow-1 d-flex flex-column    \u0022\u003E\n                                                                                                            \u003Ch3 class=\u0022h2\u0022\u003EAusw\u00e4rtiges Amt r\u00e4t auch von Reisen nach Aqaba dringend ab\u003C\/h3\u003E\n                            \n                                    \n                                                                                    \u003Cp class=\u0022flex-grow-1\u0022\u003E\n                                                        \nDas Ausw\u00e4rtige Amt hat den Reisehinweis f\u00fcr Jordanien aktualisiert. Die Beh\u00f6rde r\u00e4t seit Montag, 20. Juli, nicht nur \u0026quot;von\n                                                            \u0026hellip; \u003Cicon class=\u0022fa fa-angle-double-right ms-1\u0022\u003E\u003C\/icon\u003E\n                                                    \u003C\/p\u003E\n                                    \n                                                            \u003Ctime class=\u0022small\u0022 datetime=\u00222026-07-21T19:55:49+02:00\u0022\u003E\n                            21. Juli 2026 | 19:55 Uhr\n                        \u003C\/time\u003E\n                                                \u003C\/div\u003E\n            \u003C\/a\u003E\n            \u003C\/div\u003E\n            \u003C\/article\u003E\n\n                                                                    \n\n    \u003Carticle class=\u0022col-md-6 col-lg-4 block-tile type-article\u0022\u003E\n                    \u003Cdiv class=\u0022border rounded shadow-sm h-100 flex-column d-flex             bg-primary\n    \u0022\u003E\n                    \u003Ca href=\u0022\/ziele\/flughafen-koeln-schafft-fluessigkeitsregeln-fuer-handgepaeck-ab\u0022\u003E\n                            \n                                                                                                                \u003Cfigure class=\u0022alias-article_16x9 img-fluid rounded-top\u0022 \u003E\n                                                                                                            \u003Cimg src=\u0022https:\/\/www.countervor9.de.dev.xrow.net\/var\/site\/storage\/images\/_aliases\/article_16x9\/2\/7\/3\/7\/3147372-1-ger-DE\/bd653ed5cfba-Koeln-Bonn-Airport-Kontrolle-Foto-Koeln-Bonn-Airport.jpg\u0022 alt=\u0022K\u00f6ln Bonn Airport Kontrolle Foto K\u00f6ln Bonn Airport\u0022 class=\u0022img-fluid\u0022 height=\u0022410\u0022 width=\u0022750\u0022 \/\u003E\n                                                    \u003Cfigcaption\u003E\n                                                                                                                        \u003Cdiv class=\u0022copyright-image text-end text-white pt-1 pe-2 ezrichtext-field\u0022\u003E\u003Cp\u003EK\u0026ouml;ln Bonn Airport\u003C\/p\u003E\n\u003C\/div\u003E\n\n                                                                                                                                    \u003C\/figcaption\u003E\n                                            \u003C\/figure\u003E\n                                \n                    \u003Cdiv class=\u0022tile-body flex-grow-1 d-flex flex-column             text-white\n    \u0022\u003E\n                                                                                                    \u003Ch3 class=\u0022h2 flex-grow-1\u0022\u003EFlughafen K\u00f6ln schafft \u003Cspan class=\u0027hyphen\u0027\u003EFl\u00fcssigkeitsregeln\u003C\/span\u003E f\u00fcr Handgep\u00e4ck ab \u003Cicon class=\u0022fa fa-angle-double-right text-white ms-2\u0022\u003E\u003C\/icon\u003E\u003C\/h3\u003E\n                                    \n                                                    \n                                                            \u003Ctime class=\u0022small\u0022 datetime=\u00222026-07-21T17:30:20+02:00\u0022\u003E\n                            21. Juli 2026 | 17:30 Uhr\n                        \u003C\/time\u003E\n                                                \u003C\/div\u003E\n            \u003C\/a\u003E\n            \u003C\/div\u003E\n            \u003C\/article\u003E\n\n                                                                    \n\n    \u003Carticle class=\u0022col-md-6 col-lg-4 block-tile type-article\u0022\u003E\n                    \u003Cdiv class=\u0022border rounded shadow-sm h-100 flex-column d-flex             bg-primary\n    \u0022\u003E\n                    \u003Ca href=\u0022\/ziele\/mann-verletzt-touristen-nahe-der-akropolis-mit-messer\u0022\u003E\n                            \n                                                                                                                \u003Cfigure class=\u0022alias-article_16x9 img-fluid rounded-top\u0022 \u003E\n                                                                                                            \u003Cimg src=\u0022https:\/\/www.countervor9.de.dev.xrow.net\/var\/site\/storage\/images\/_aliases\/article_16x9\/1\/9\/6\/6\/1416691-1-ger-DE\/Griechenland Athen Akroplis iStock dikti-517517717.jpg\u0022 alt=\u0022Griechenland Athen Akropolis\u0022 class=\u0022img-fluid\u0022 height=\u0022410\u0022 width=\u0022750\u0022 \/\u003E\n                                                    \u003Cfigcaption\u003E\n                                                                                                                        \u003Cdiv class=\u0022copyright-image text-end text-white pt-1 pe-2 ezrichtext-field\u0022\u003E\u003Cp\u003EiStock\/dikti\u003C\/p\u003E\n\u003C\/div\u003E\n\n                                                                                                                                    \u003C\/figcaption\u003E\n                                            \u003C\/figure\u003E\n                                \n                    \u003Cdiv class=\u0022tile-body flex-grow-1 d-flex flex-column             text-white\n    \u0022\u003E\n                                                                                                    \u003Ch3 class=\u0022h2 flex-grow-1\u0022\u003EMann verletzt Touristen nahe der Akropolis mit Messer \u003Cicon class=\u0022fa fa-angle-double-right text-white ms-2\u0022\u003E\u003C\/icon\u003E\u003C\/h3\u003E\n                                    \n                                                    \n                                                            \u003Ctime class=\u0022small\u0022 datetime=\u00222026-07-21T17:28:56+02:00\u0022\u003E\n                            21. Juli 2026 | 17:28 Uhr\n                        \u003C\/time\u003E\n                                                \u003C\/div\u003E\n            \u003C\/a\u003E\n            \u003C\/div\u003E\n            \u003C\/article\u003E\n\n                                                                    \n\n    \u003Carticle class=\u0022col-md-6 col-lg-4 block-tile type-article\u0022\u003E\n                    \u003Cdiv class=\u0022border rounded shadow-sm h-100 flex-column d-flex    \u0022\u003E\n                    \u003Ca href=\u0022\/ziele\/chile-ruft-nach-unwettern-katastrophenzustand-aus\u0022\u003E\n                            \n                            \n                    \u003Cdiv class=\u0022tile-body flex-grow-1 d-flex flex-column    \u0022\u003E\n                                                                                                            \u003Ch3 class=\u0022h2\u0022\u003EChile ruft nach Unwettern \u003Cspan class=\u0027hyphen\u0027\u003EKatastrophenzustand\u003C\/span\u003E aus\u003C\/h3\u003E\n                            \n                                    \n                                                                                    \u003Cp class=\u0022flex-grow-1\u0022\u003E\n                                                        \nNach schweren Unwettern mit heftigen St\u00fcrmen und Regenf\u00e4llen hat die chilenische Regierung den Katastrophenzustand f\u00fcr\n                                                            \u0026hellip; \u003Cicon class=\u0022fa fa-angle-double-right ms-1\u0022\u003E\u003C\/icon\u003E\n                                                    \u003C\/p\u003E\n                                    \n                                                            \u003Ctime class=\u0022small\u0022 datetime=\u00222026-07-21T08:11:53+02:00\u0022\u003E\n                            21. Juli 2026 | 08:11 Uhr\n                        \u003C\/time\u003E\n                                                \u003C\/div\u003E\n            \u003C\/a\u003E\n            \u003C\/div\u003E\n            \u003C\/article\u003E\n\n                                                                    \n\n    \u003Carticle class=\u0022col-md-6 col-lg-4 block-tile type-article\u0022\u003E\n                    \u003Cdiv class=\u0022border rounded shadow-sm h-100 flex-column d-flex    \u0022\u003E\n                    \u003Ca href=\u0022\/ziele\/in-suedfrankreich-flammen-erneut-waldbraende-auf\u0022\u003E\n                            \n                            \n                    \u003Cdiv class=\u0022tile-body flex-grow-1 d-flex flex-column    \u0022\u003E\n                                                                                                            \u003Ch3 class=\u0022h2\u0022\u003EIn S\u00fcdfrankreich flammen erneut Waldbr\u00e4nde auf\u003C\/h3\u003E\n                            \n                                    \n                                                                                    \u003Cp class=\u0022flex-grow-1\u0022\u003E\n                                                        \nMehrere Waldbr\u00e4nde in S\u00fcdfrankreich haben sich wegen Hitze, Trockenheit und Wind rasch ausgebreitet. Das heftigste Feuer\n                                                            \u0026hellip; \u003Cicon class=\u0022fa fa-angle-double-right ms-1\u0022\u003E\u003C\/icon\u003E\n                                                    \u003C\/p\u003E\n                                    \n                                                            \u003Ctime class=\u0022small\u0022 datetime=\u00222026-07-21T07:00:11+02:00\u0022\u003E\n                            21. Juli 2026 | 07:00 Uhr\n                        \u003C\/time\u003E\n                                                \u003C\/div\u003E\n            \u003C\/a\u003E\n            \u003C\/div\u003E\n            \u003C\/article\u003E\n\n            \n\n    \u003Cdiv class=\u0022col-md-12\u0022\u003E\n        \u003Cul class=\u0022pagination\u0022\u003E\u003Cli class=\u0022page-item prev\u0022\u003E\u003Ca class=\u0022page-link\u0022 href=\u0022\/page\/75\/30\/tile_3col?ad=73\u0026page=3\u0022 rel=\u0022prev\u0022\u003E\u0026larr; Vorherige\u003C\/a\u003E\u003C\/li\u003E\u003Cli class=\u0022page-item\u0022\u003E\u003Ca class=\u0022page-link\u0022 href=\u0022\/page\/75\/30\/tile_3col?ad=73\u0026page=1\u0022\u003E1\u003C\/a\u003E\u003C\/li\u003E\u003Cli class=\u0022page-item\u0022\u003E\u003Ca class=\u0022page-link\u0022 href=\u0022\/page\/75\/30\/tile_3col?ad=73\u0026page=2\u0022\u003E2\u003C\/a\u003E\u003C\/li\u003E\u003Cli class=\u0022page-item\u0022\u003E\u003Ca class=\u0022page-link\u0022 href=\u0022\/page\/75\/30\/tile_3col?ad=73\u0026page=3\u0022\u003E3\u003C\/a\u003E\u003C\/li\u003E\u003Cli class=\u0022page-item active\u0022\u003E\u003Cspan class=\u0022page-link\u0022\u003E4 \u003Cspan class=\u0022sr-only\u0022\u003E(current)\u003C\/span\u003E\u003C\/span\u003E\u003C\/li\u003E\u003Cli class=\u0022page-item\u0022\u003E\u003Ca class=\u0022page-link\u0022 href=\u0022\/page\/75\/30\/tile_3col?ad=73\u0026page=5\u0022\u003E5\u003C\/a\u003E\u003C\/li\u003E\u003Cli class=\u0022page-item\u0022\u003E\u003Ca class=\u0022page-link\u0022 href=\u0022\/page\/75\/30\/tile_3col?ad=73\u0026page=6\u0022\u003E6\u003C\/a\u003E\u003C\/li\u003E\u003Cli class=\u0022page-item\u0022\u003E\u003Ca class=\u0022page-link\u0022 href=\u0022\/page\/75\/30\/tile_3col?ad=73\u0026page=7\u0022\u003E7\u003C\/a\u003E\u003C\/li\u003E\u003Cli class=\u0022page-item disabled\u0022\u003E\u003Cspan class=\u0022page-link\u0022\u003E\u0026hellip;\u003C\/span\u003E\u003C\/li\u003E\u003Cli class=\u0022page-item\u0022\u003E\u003Ca class=\u0022page-link\u0022 href=\u0022\/page\/75\/30\/tile_3col?ad=73\u0026page=589\u0022\u003E589\u003C\/a\u003E\u003C\/li\u003E\u003Cli class=\u0022page-item next\u0022\u003E\u003Ca class=\u0022page-link\u0022 href=\u0022\/page\/75\/30\/tile_3col?ad=73\u0026page=5\u0022 rel=\u0022next\u0022\u003EN\u00e4chste \u0026rarr;\u003C\/a\u003E\u003C\/li\u003E\u003C\/ul\u003E\n    \u003C\/div\u003E\n"}