{"html":"                                                            \n\n    \u003Carticle class=\u0022col-md-6 col-lg-4 block-tile type-article\u0022\u003E\n                    \u003Cdiv class=\u0022border rounded shadow-sm h-100 flex-column d-flex    \u0022\u003E\n                    \u003Ca href=\u0022\/vertrieb\/ikarus-tours-neu-in-der-paxlounge-zu-finden\u0022\u003E\n                            \n                            \n                    \u003Cdiv class=\u0022tile-body flex-grow-1 d-flex flex-column    \u0022\u003E\n                                                                                                            \u003Ch3 class=\u0022h2\u0022\u003EIkarus Tours neu in der Paxlounge zu finden\u003C\/h3\u003E\n                            \n                                    \n                                                                                    \u003Cp class=\u0022flex-grow-1\u0022\u003E\n                                                        \nErlebnsireisespezialist Ikarus ist ab sofort in der Paxlounge von Paxconnect vertreten. Reiseb\u00fcros k\u00f6nnten damit auf die\n                                                            \u0026hellip; \u003Cicon class=\u0022fa fa-angle-double-right ms-1\u0022\u003E\u003C\/icon\u003E\n                                                    \u003C\/p\u003E\n                                    \n                                                            \u003Ctime class=\u0022small\u0022 datetime=\u00222026-06-25T07:00:10+02:00\u0022\u003E\n                            25. Juni 2026 | 07:00 Uhr\n                        \u003C\/time\u003E\n                                                \u003C\/div\u003E\n            \u003C\/a\u003E\n            \u003C\/div\u003E\n            \u003C\/article\u003E\n\n                                                                    \n\n    \u003Carticle class=\u0022col-md-6 col-lg-4 block-tile type-article\u0022\u003E\n                    \u003Cdiv class=\u0022border rounded shadow-sm h-100 flex-column d-flex             bg-primary\n    \u0022\u003E\n                    \u003Ca href=\u0022\/vertrieb\/podcast-sicherheitsprobleme-bei-yachten-im-roten-meer\u0022\u003E\n                            \n                                                                                                                \u003Cfigure class=\u0022alias-article_16x9 img-fluid rounded-top\u0022 \u003E\n                                                                                                            \u003Cimg src=\u0022https:\/\/www.countervor9.de.dev.xrow.net\/var\/site\/storage\/images\/_aliases\/article_16x9\/8\/3\/2\/8\/3128238-1-ger-DE\/227c64f75bd4-Neller-Marc-Kaiser-Tina.jpg\u0022 alt=\u0022Neller Marc Kauser Tina\u0022 class=\u0022img-fluid\u0022 height=\u0022410\u0022 width=\u0022750\u0022 \/\u003E\n                                                    \u003Cfigcaption\u003E\n                                                                                                                        \u003Cdiv class=\u0022copyright-image text-end text-white pt-1 pe-2 ezrichtext-field\u0022\u003E\u003Cp\u003EStern\u003C\/p\u003E\n\u003C\/div\u003E\n\n                                                                                                                                    \u003C\/figcaption\u003E\n                                            \u003C\/figure\u003E\n                                \n                    \u003Cdiv class=\u0022tile-body flex-grow-1 d-flex flex-column             text-white\n    \u0022\u003E\n                                                                                                    \u003Ch3 class=\u0022h2 flex-grow-1\u0022\u003EPodcast: \u003Cspan class=\u0027hyphen\u0027\u003ESicherheitsprobleme\u003C\/span\u003E bei Yachten im Roten Meer \u003Cicon class=\u0022fa fa-angle-double-right text-white ms-2\u0022\u003E\u003C\/icon\u003E\u003C\/h3\u003E\n                                    \n                                                    \n                                                            \u003Ctime class=\u0022small\u0022 datetime=\u00222026-06-24T17:56:49+02:00\u0022\u003E\n                            24. Juni 2026 | 17:56 Uhr\n                        \u003C\/time\u003E\n                                                \u003C\/div\u003E\n            \u003C\/a\u003E\n            \u003C\/div\u003E\n            \u003C\/article\u003E\n\n                                                                    \n\n    \u003Carticle class=\u0022col-md-6 col-lg-4 block-tile type-ad\u0022\u003E\n                    \u003Cdiv class=\u0022border rounded shadow-sm h-100 flex-column d-flex\u0022\u003E\n                                \u003Cspan class=\u0022ad-caption py-2 pe-3\u0022\u003EAnzeige\u003C\/span\u003E\n    \n                                \u003Cdiv class=\u0022tile-body\u0022\u003E\n                                                                                                        \u003Ca href=\u0022https:\/\/www.countervor9.de.dev.xrow.net\/api\/v1\/tracking\/click\/299094\/aHR0cHMlM0ElMkYlMkZ3d3cuY291bnRlcnZvcjkuZGUlMkZ0aGVtZW53b2NoZW4lMkZhLXJvc2EtMjAyNiUyRmJlaW0tcXVpei1taXRtYWNoZW4tdW5kLWVpbmUtcmVpc2UtbWl0LWEtcm9zYS1nZXdpbm5lbg==%3Futm_source=newsletter%26utm_medium=email%26utm_campaign=Beim%20Quiz%20mitmachen%20und%20eine%20Reise%20mit%20A-ROSA%20gewinnen\u0022 rel=\u0022nofollow\u0022 target=\u0022_blank\u0022\u003E\n                                                        \u003Cfigure\u003E\n                                                        \u003Cimg src=\u0022https:\/\/www.countervor9.de.dev.xrow.net\/api\/v1\/tracking\/view\/299094\/299094\u0022 alt=\u0022\u0022 height=\u0022100%\u0022 width=\u0022100%\u0022 class=\u0022img-fluid\u0022\/\u003E\n\n                                                                    \u003Cfigcaption\u003E\n                                                                                    \u003Cdiv class=\u0022copyright-image text-end ezrichtext-field\u0022\u003E\u003Cp\u003EA-ROSA Flussschiff GmbH\u003C\/p\u003E\n\u003C\/div\u003E\n\n                                                                            \u003C\/figcaption\u003E\n                                                            \u003C\/figure\u003E\n                                                                            \u003C\/a\u003E\n                                            \n                                            \u003Ch3 class=\u0022h2\u0022\u003E\u003Cspan class=\u0022ezstring-field\u0022\u003EBeim Quiz mitmachen und eine Reise mit A-ROSA gewinnen\u003C\/span\u003E\u003C\/h3\u003E\n                        \u003Cdiv class=\u0022mt-2 link-arrow\u0022\u003E\n                            \u003Cp\u003EA\u2011ROSA sowie Reise vor9 und Counter vor9 verlosen eine Flussreise f\u00fcr zwei Personen. Wer zwei Fragen richtig beantwortet, hat die Chance, eine Reise \u00fcber f\u00fcnf N\u00e4chte an Bord eines A\u2011ROSA Schiffes zu gewinnen. Wer die Themenwoche aufmerksam liest, wird keine Probleme haben, die Fragen zu beantworten. \u003Ca href=\u0022https:\/\/www.countervor9.de.dev.xrow.net\/api\/v1\/tracking\/click\/299094\/aHR0cHMlM0ElMkYlMkZ3d3cuY291bnRlcnZvcjkuZGUlMkZ0aGVtZW53b2NoZW4lMkZhLXJvc2EtMjAyNiUyRmJlaW0tcXVpei1taXRtYWNoZW4tdW5kLWVpbmUtcmVpc2UtbWl0LWEtcm9zYS1nZXdpbm5lbg==%3Futm_source=newsletter%26utm_medium=email%26utm_campaign=Beim%20Quiz%20mitmachen%20und%20eine%20Reise%20mit%20A-ROSA%20gewinnen\u0022 target=\u0022_blank\u0022 rel=\u0022nofollow\u0022\u003ECounter vor9\u003C\/a\u003E\u003C\/p\u003E\n\n                        \u003C\/div\u003E\n                                    \u003C\/div\u003E\n            \n                    \u003C\/div\u003E\n            \u003C\/article\u003E\n\n                                                                    \n\n    \u003Carticle class=\u0022col-md-6 col-lg-4 block-tile type-article\u0022\u003E\n                    \u003Cdiv class=\u0022border rounded shadow-sm h-100 flex-column d-flex    \u0022\u003E\n                    \u003Ca href=\u0022\/vertrieb\/tss-macht-mit-counterkompass-im-dialog-halt-auf-schalke\u0022\u003E\n                            \n                            \n                    \u003Cdiv class=\u0022tile-body flex-grow-1 d-flex flex-column    \u0022\u003E\n                                                                                                            \u003Ch3 class=\u0022h2\u0022\u003ETSS macht mit \u0022Counterkompass im Dialog\u0022 Halt auf Schalke\u003C\/h3\u003E\n                            \n                                    \n                                                                                    \u003Cp class=\u0022flex-grow-1\u0022\u003E\n                                                        \nDie Kooperation TSS l\u00e4dt am Donnerstag, den 10. September, ab 16 Uhr zu einer neuen Ausgabe des Formats \u0026quot;Counter Kompass\n                                                            \u0026hellip; \u003Cicon class=\u0022fa fa-angle-double-right ms-1\u0022\u003E\u003C\/icon\u003E\n                                                    \u003C\/p\u003E\n                                    \n                                                            \u003Ctime class=\u0022small\u0022 datetime=\u00222026-06-24T17:01:40+02:00\u0022\u003E\n                            24. Juni 2026 | 17:01 Uhr\n                        \u003C\/time\u003E\n                                                \u003C\/div\u003E\n            \u003C\/a\u003E\n            \u003C\/div\u003E\n            \u003C\/article\u003E\n\n                                                                    \n\n    \u003Carticle class=\u0022col-md-6 col-lg-4 block-tile type-article\u0022\u003E\n                    \u003Cdiv class=\u0022border rounded shadow-sm h-100 flex-column d-flex    \u0022\u003E\n                    \u003Ca href=\u0022\/vertrieb\/olimar-bringt-sizilien-magazin-fuer-reisebueros-und-kunden\u0022\u003E\n                            \n                            \n                    \u003Cdiv class=\u0022tile-body flex-grow-1 d-flex flex-column    \u0022\u003E\n                                                                                                            \u003Ch3 class=\u0022h2\u0022\u003EOlimar bringt Sizilien-Magazin f\u00fcr Reiseb\u00fcros und Kunden\u003C\/h3\u003E\n                            \n                                    \n                                                                                    \u003Cp class=\u0022flex-grow-1\u0022\u003E\n                                                        \nOlimar stellt das neue Sizilien-Magazin vor. Die Publikation b\u00fcndelt laut Veranstalter pers\u00f6nliche Empfehlungen der Italien-Experten\n                                                            \u0026hellip; \u003Cicon class=\u0022fa fa-angle-double-right ms-1\u0022\u003E\u003C\/icon\u003E\n                                                    \u003C\/p\u003E\n                                    \n                                                            \u003Ctime class=\u0022small\u0022 datetime=\u00222026-06-24T14:47:56+02:00\u0022\u003E\n                            24. Juni 2026 | 14:47 Uhr\n                        \u003C\/time\u003E\n                                                \u003C\/div\u003E\n            \u003C\/a\u003E\n            \u003C\/div\u003E\n            \u003C\/article\u003E\n\n                                                                    \n\n    \u003Carticle class=\u0022col-md-6 col-lg-4 block-tile type-article\u0022\u003E\n                    \u003Cdiv class=\u0022border rounded shadow-sm h-100 flex-column d-flex             bg-primary\n    \u0022\u003E\n                    \u003Ca href=\u0022\/vertrieb\/sommerflaute-am-counter-vor-allem-familien-bleiben-aus\u0022\u003E\n                            \n                                                                                                                \u003Cfigure class=\u0022alias-article_16x9 img-fluid rounded-top\u0022 \u003E\n                                                                                                            \u003Cimg src=\u0022https:\/\/www.countervor9.de.dev.xrow.net\/var\/site\/storage\/images\/_aliases\/article_16x9\/5\/1\/5\/4\/1914515-1-ger-DE\/Familie Flugzeug Reise Foto iStock Yaroslav Asthakov.jpg\u0022 alt=\u0022Familie Flugzeug Reise Foto iStock Yaroslav Astakhov\u0022 class=\u0022img-fluid\u0022 height=\u0022410\u0022 width=\u0022750\u0022 \/\u003E\n                                                    \u003Cfigcaption\u003E\n                                                                                                                        \u003Cdiv class=\u0022copyright-image text-end text-white pt-1 pe-2 ezrichtext-field\u0022\u003E\u003Cp\u003EiStock Yaroslav Astakhov\u003C\/p\u003E\n\u003C\/div\u003E\n\n                                                                                                                                    \u003C\/figcaption\u003E\n                                            \u003C\/figure\u003E\n                                \n                    \u003Cdiv class=\u0022tile-body flex-grow-1 d-flex flex-column             text-white\n    \u0022\u003E\n                                                                                                    \u003Ch3 class=\u0022h2 flex-grow-1\u0022\u003ESommerflaute am Counter, vor allem Familien bleiben aus \u003Cicon class=\u0022fa fa-angle-double-right text-white ms-2\u0022\u003E\u003C\/icon\u003E\u003C\/h3\u003E\n                                    \n                                                    \n                                                            \u003Ctime class=\u0022small\u0022 datetime=\u00222026-06-24T07:00:11+02:00\u0022\u003E\n                            24. Juni 2026 | 07:00 Uhr\n                        \u003C\/time\u003E\n                                                \u003C\/div\u003E\n            \u003C\/a\u003E\n            \u003C\/div\u003E\n            \u003C\/article\u003E\n\n                                                                    \n\n    \u003Carticle class=\u0022col-md-6 col-lg-4 block-tile type-article\u0022\u003E\n                    \u003Cdiv class=\u0022border rounded shadow-sm h-100 flex-column d-flex             bg-primary\n    \u0022\u003E\n                    \u003Ca href=\u0022\/vertrieb\/coral-travel-group-behaelt-provisionsmodell-fuer-2027-bei\u0022\u003E\n                            \n                                                                                                                \u003Cfigure class=\u0022alias-article_16x9 img-fluid rounded-top\u0022 \u003E\n                                                                                                            \u003Cimg src=\u0022https:\/\/www.countervor9.de.dev.xrow.net\/var\/site\/storage\/images\/_aliases\/article_16x9\/9\/1\/4\/2\/1282419-2-ger-DE\/3305bd5c9c76-Karadag-Ender-Ferien-Touristik-Vertrieb-Marketing-Foto-Ferien-Touristik.jpg\u0022 alt=\u0022Karadag Ender Ferien Touristik Vertrieb Marketing Foto Ferien Touristik.jpg\u0022 class=\u0022img-fluid\u0022 height=\u0022410\u0022 width=\u0022750\u0022 \/\u003E\n                                                    \u003Cfigcaption\u003E\n                                                                                                                        \u003Cdiv class=\u0022copyright-image text-end text-white pt-1 pe-2 ezrichtext-field\u0022\u003E\u003Cp\u003EFerien Touristik\u003C\/p\u003E\n\u003C\/div\u003E\n\n                                                                                                                                    \u003C\/figcaption\u003E\n                                            \u003C\/figure\u003E\n                                \n                    \u003Cdiv class=\u0022tile-body flex-grow-1 d-flex flex-column             text-white\n    \u0022\u003E\n                                                                                                    \u003Ch3 class=\u0022h2 flex-grow-1\u0022\u003ECoral Travel Group beh\u00e4lt \u003Cspan class=\u0027hyphen\u0027\u003EProvisionsmodell\u003C\/span\u003E f\u00fcr 2027 bei \u003Cicon class=\u0022fa fa-angle-double-right text-white ms-2\u0022\u003E\u003C\/icon\u003E\u003C\/h3\u003E\n                                    \n                                                    \n                                                            \u003Ctime class=\u0022small\u0022 datetime=\u00222026-06-23T17:15:44+02:00\u0022\u003E\n                            23. Juni 2026 | 17:15 Uhr\n                        \u003C\/time\u003E\n                                                \u003C\/div\u003E\n            \u003C\/a\u003E\n            \u003C\/div\u003E\n            \u003C\/article\u003E\n\n                                                                    \n\n    \u003Carticle class=\u0022col-md-6 col-lg-4 block-tile type-article\u0022\u003E\n                    \u003Cdiv class=\u0022border rounded shadow-sm h-100 flex-column d-flex    \u0022\u003E\n                    \u003Ca href=\u0022\/vertrieb\/rtg-eigenvertrieb-laedt-2026-zur-jahrestagung-nach-rhodos\u0022\u003E\n                            \n                            \n                    \u003Cdiv class=\u0022tile-body flex-grow-1 d-flex flex-column    \u0022\u003E\n                                                                                                            \u003Ch3 class=\u0022h2\u0022\u003ERTG Eigenvertrieb l\u00e4dt 2026 zur Jahrestagung nach Rhodos\u003C\/h3\u003E\n                            \n                                    \n                                                                                    \u003Cp class=\u0022flex-grow-1\u0022\u003E\n                                                        \nDie Raiffeisen Touristik Group (RTG) l\u00e4dt ihre eigenen Reiseb\u00fcros vom 29. Oktober bis 1. November zur Jahrestagung nach\n                                                            \u0026hellip; \u003Cicon class=\u0022fa fa-angle-double-right ms-1\u0022\u003E\u003C\/icon\u003E\n                                                    \u003C\/p\u003E\n                                    \n                                                            \u003Ctime class=\u0022small\u0022 datetime=\u00222026-06-23T17:07:36+02:00\u0022\u003E\n                            23. Juni 2026 | 17:07 Uhr\n                        \u003C\/time\u003E\n                                                \u003C\/div\u003E\n            \u003C\/a\u003E\n            \u003C\/div\u003E\n            \u003C\/article\u003E\n\n                                                                    \n\n    \u003Carticle class=\u0022col-md-6 col-lg-4 block-tile type-article\u0022\u003E\n                    \u003Cdiv class=\u0022border rounded shadow-sm h-100 flex-column d-flex             bg-primary\n    \u0022\u003E\n                    \u003Ca href=\u0022\/vertrieb\/gericht-erklaert-drsf-urteil-mit-systemwechsel\u0022\u003E\n                            \n                                                                                                                \u003Cfigure class=\u0022alias-article_1x1 img-fluid rounded-top w-69\u0022 \u003E\n                                                                                                            \u003Cimg src=\u0022https:\/\/www.countervor9.de.dev.xrow.net\/var\/site\/storage\/images\/_aliases\/article_1x1\/5\/1\/7\/7\/957715-1-ger-DE\/Icon Recht.jpg\u0022 alt=\u0022Icon Recht\u0022 class=\u0022img-fluid\u0022 height=\u0022350\u0022 width=\u0022350\u0022 \/\u003E\n                                                    \u003Cfigcaption\u003E\n                                                                                                                        \u003Cdiv class=\u0022copyright-image text-end text-white pt-1 pe-2 ezrichtext-field\u0022\u003E\u003Cp\u003EReise vor9\u003C\/p\u003E\n\u003C\/div\u003E\n\n                                                                                                                                    \u003C\/figcaption\u003E\n                                            \u003C\/figure\u003E\n                                \n                    \u003Cdiv class=\u0022tile-body flex-grow-1 d-flex flex-column             text-white\n    \u0022\u003E\n                                                                                                    \u003Ch3 class=\u0022h2 flex-grow-1\u0022\u003EGericht erkl\u00e4rt DRSF-Urteil mit Systemwechsel \u003Cicon class=\u0022fa fa-angle-double-right text-white ms-2\u0022\u003E\u003C\/icon\u003E\u003C\/h3\u003E\n                                    \n                                                    \n                                                            \u003Ctime class=\u0022small\u0022 datetime=\u00222026-06-23T13:40:52+02:00\u0022\u003E\n                            23. Juni 2026 | 13:40 Uhr\n                        \u003C\/time\u003E\n                                                \u003C\/div\u003E\n            \u003C\/a\u003E\n            \u003C\/div\u003E\n            \u003C\/article\u003E\n\n                                                                    \n\n    \u003Carticle class=\u0022col-md-6 col-lg-4 block-tile type-article\u0022\u003E\n                    \u003Cdiv class=\u0022border rounded shadow-sm h-100 flex-column d-flex             bg-primary\n    \u0022\u003E\n                    \u003Ca href=\u0022\/vertrieb\/umfrage-kann-last-minute-die-sommersaison-noch-retten\u0022\u003E\n                            \n                                                                                                                \u003Cfigure class=\u0022alias-article_1x1 img-fluid rounded-top w-69\u0022 \u003E\n                                                                                                            \u003Cimg src=\u0022https:\/\/www.countervor9.de.dev.xrow.net\/var\/site\/storage\/images\/_aliases\/article_1x1\/6\/0\/8\/2\/72806-1-ger-DE\/Icon Trend.jpg\u0022 alt=\u0022Icon Trend\u0022 class=\u0022img-fluid\u0022 height=\u0022350\u0022 width=\u0022350\u0022 \/\u003E\n                                                    \u003Cfigcaption\u003E\n                                                                                                                        \u003Cdiv class=\u0022copyright-image text-end text-white pt-1 pe-2 ezrichtext-field\u0022\u003E\u003Cp\u003EReise vor9\u003C\/p\u003E\n\u003C\/div\u003E\n\n                                                                                                                                    \u003C\/figcaption\u003E\n                                            \u003C\/figure\u003E\n                                \n                    \u003Cdiv class=\u0022tile-body flex-grow-1 d-flex flex-column             text-white\n    \u0022\u003E\n                                                                                                    \u003Ch3 class=\u0022h2 flex-grow-1\u0022\u003EUmfrage: Kann Last Minute die Sommersaison noch retten? \u003Cicon class=\u0022fa fa-angle-double-right text-white ms-2\u0022\u003E\u003C\/icon\u003E\u003C\/h3\u003E\n                                    \n                                                    \n                                                            \u003Ctime class=\u0022small\u0022 datetime=\u00222026-06-23T07:00:10+02:00\u0022\u003E\n                            23. Juni 2026 | 07:00 Uhr\n                        \u003C\/time\u003E\n                                                \u003C\/div\u003E\n            \u003C\/a\u003E\n            \u003C\/div\u003E\n            \u003C\/article\u003E\n\n                                                                    \n\n    \u003Carticle class=\u0022col-md-6 col-lg-4 block-tile type-article\u0022\u003E\n                    \u003Cdiv class=\u0022border rounded shadow-sm h-100 flex-column d-flex             bg-primary\n    \u0022\u003E\n                    \u003Ca href=\u0022\/vertrieb\/lcc-will-im-corporate-geschaeft-zulegen\u0022\u003E\n                            \n                                                                                                                \u003Cfigure class=\u0022alias-article_16x9 img-fluid rounded-top\u0022 \u003E\n                                                                                                            \u003Cimg src=\u0022https:\/\/www.countervor9.de.dev.xrow.net\/var\/site\/storage\/images\/_aliases\/article_16x9\/2\/1\/2\/0\/2390212-1-ger-DE\/5ab7446b271e-Orth-Markus-LCC-aktuell.jpg\u0022 alt=\u0022Orth Markus\u0022 class=\u0022img-fluid\u0022 height=\u0022410\u0022 width=\u0022750\u0022 \/\u003E\n                                                    \u003Cfigcaption\u003E\n                                                                                                                        \u003Cdiv class=\u0022copyright-image text-end text-white pt-1 pe-2 ezrichtext-field\u0022\u003E\u003Cp\u003ELufthansa City Center\u003C\/p\u003E\n\u003C\/div\u003E\n\n                                                                                                                                    \u003C\/figcaption\u003E\n                                            \u003C\/figure\u003E\n                                \n                    \u003Cdiv class=\u0022tile-body flex-grow-1 d-flex flex-column             text-white\n    \u0022\u003E\n                                                                                                    \u003Ch3 class=\u0022h2 flex-grow-1\u0022\u003ELCC will im Corporate-Gesch\u00e4ft zulegen \u003Cicon class=\u0022fa fa-angle-double-right text-white ms-2\u0022\u003E\u003C\/icon\u003E\u003C\/h3\u003E\n                                    \n                                                    \n                                                            \u003Ctime class=\u0022small\u0022 datetime=\u00222026-06-22T20:09:05+02:00\u0022\u003E\n                            22. Juni 2026 | 20:09 Uhr\n                        \u003C\/time\u003E\n                                                \u003C\/div\u003E\n            \u003C\/a\u003E\n            \u003C\/div\u003E\n            \u003C\/article\u003E\n\n                                                                    \n\n    \u003Carticle class=\u0022col-md-6 col-lg-4 block-tile type-article\u0022\u003E\n                    \u003Cdiv class=\u0022border rounded shadow-sm h-100 flex-column d-flex    \u0022\u003E\n                    \u003Ca href=\u0022\/vertrieb\/gebeco-stellt-fuehrungsteam-vertrieb-und-marketing-vor\u0022\u003E\n                            \n                            \n                    \u003Cdiv class=\u0022tile-body flex-grow-1 d-flex flex-column    \u0022\u003E\n                                                                                                            \u003Ch3 class=\u0022h2\u0022\u003EGebeco stellt F\u00fchrungsteam Vertrieb und Marketing vor\u003C\/h3\u003E\n                            \n                                    \n                                                                                    \u003Cp class=\u0022flex-grow-1\u0022\u003E\n                                                        \nGebeco richtet Vertrieb sowie Marketing neu aus und setzt daf\u00fcr auf ein vierk\u00f6pfiges F\u00fchrungsteam unter Leitung von Anne\n                                                            \u0026hellip; \u003Cicon class=\u0022fa fa-angle-double-right ms-1\u0022\u003E\u003C\/icon\u003E\n                                                    \u003C\/p\u003E\n                                    \n                                                            \u003Ctime class=\u0022small\u0022 datetime=\u00222026-06-22T17:50:02+02:00\u0022\u003E\n                            22. Juni 2026 | 17:50 Uhr\n                        \u003C\/time\u003E\n                                                \u003C\/div\u003E\n            \u003C\/a\u003E\n            \u003C\/div\u003E\n            \u003C\/article\u003E\n\n                                                                    \n\n    \u003Carticle class=\u0022col-md-6 col-lg-4 block-tile type-article\u0022\u003E\n                    \u003Cdiv class=\u0022border rounded shadow-sm h-100 flex-column d-flex    \u0022\u003E\n                    \u003Ca href=\u0022\/vertrieb\/celestyal-cruises-und-aegean-stellen-expis-reisepakete-vor\u0022\u003E\n                            \n                            \n                    \u003Cdiv class=\u0022tile-body flex-grow-1 d-flex flex-column    \u0022\u003E\n                                                                                                            \u003Ch3 class=\u0022h2\u0022\u003ECelestyal Cruises und Aegean stellen Expis Reisepakete vor\u003C\/h3\u003E\n                            \n                                    \n                                                                                    \u003Cp class=\u0022flex-grow-1\u0022\u003E\n                                                        \nDie Kreuzfahrtreederei Celestyal und Aegean Airlines laden Counter-Profis zum Webinar. Auf der Agenda stehen Informationen\n                                                            \u0026hellip; \u003Cicon class=\u0022fa fa-angle-double-right ms-1\u0022\u003E\u003C\/icon\u003E\n                                                    \u003C\/p\u003E\n                                    \n                                                            \u003Ctime class=\u0022small\u0022 datetime=\u00222026-06-22T15:13:08+02:00\u0022\u003E\n                            22. Juni 2026 | 15:13 Uhr\n                        \u003C\/time\u003E\n                                                \u003C\/div\u003E\n            \u003C\/a\u003E\n            \u003C\/div\u003E\n            \u003C\/article\u003E\n\n                                                                    \n\n    \u003Carticle class=\u0022col-md-6 col-lg-4 block-tile type-article\u0022\u003E\n                    \u003Cdiv class=\u0022border rounded shadow-sm h-100 flex-column d-flex             bg-primary\n    \u0022\u003E\n                    \u003Ca href=\u0022\/vertrieb\/birgit-aust-verlaesst-ende-oktober-die-tvg-geschaeftsfuehrung\u0022\u003E\n                            \n                                                                                                                \u003Cfigure class=\u0022alias-article_16x9 img-fluid rounded-top\u0022 \u003E\n                                                                                                            \u003Cimg src=\u0022https:\/\/www.countervor9.de.dev.xrow.net\/var\/site\/storage\/images\/_aliases\/article_16x9\/7\/0\/8\/0\/2010807-1-ger-DE\/993db27484ba-Aust-Birgit-TVG-neu.png\u0022 alt=\u0022Aust Birgit\u0022 class=\u0022img-fluid\u0022 height=\u0022410\u0022 width=\u0022750\u0022 \/\u003E\n                                                    \u003Cfigcaption\u003E\n                                                                                                                        \u003Cdiv class=\u0022copyright-image text-end text-white pt-1 pe-2 ezrichtext-field\u0022\u003E\u003Cp\u003EFTI Group\u003C\/p\u003E\n\u003C\/div\u003E\n\n                                                                                                                                    \u003C\/figcaption\u003E\n                                            \u003C\/figure\u003E\n                                \n                    \u003Cdiv class=\u0022tile-body flex-grow-1 d-flex flex-column             text-white\n    \u0022\u003E\n                                                                                                    \u003Ch3 class=\u0022h2 flex-grow-1\u0022\u003EBirgit Aust verl\u00e4sst Ende Oktober die TVG-Gesch\u00e4ftsf\u00fchrung \u003Cicon class=\u0022fa fa-angle-double-right text-white ms-2\u0022\u003E\u003C\/icon\u003E\u003C\/h3\u003E\n                                    \n                                                    \n                                                            \u003Ctime class=\u0022small\u0022 datetime=\u00222026-06-22T13:13:03+02:00\u0022\u003E\n                            22. Juni 2026 | 13:13 Uhr\n                        \u003C\/time\u003E\n                                                \u003C\/div\u003E\n            \u003C\/a\u003E\n            \u003C\/div\u003E\n            \u003C\/article\u003E\n\n                                                                    \n\n    \u003Carticle class=\u0022col-md-6 col-lg-4 block-tile type-article\u0022\u003E\n                    \u003Cdiv class=\u0022border rounded shadow-sm h-100 flex-column d-flex    \u0022\u003E\n                    \u003Ca href=\u0022\/vertrieb\/tui-fordert-sofortige-aussetzung-der-drsf-entgelte2\u0022\u003E\n                            \n                            \n                    \u003Cdiv class=\u0022tile-body flex-grow-1 d-flex flex-column    \u0022\u003E\n                                                                                                            \u003Ch3 class=\u0022h2\u0022\u003ETUI fordert sofortige Aussetzung der DRSF-Entgelte\u003C\/h3\u003E\n                            \n                                    \n                                                                                    \u003Cp class=\u0022flex-grow-1\u0022\u003E\n                                                        \nIn der Diskussion um die Rolle des Deutschen Reisesicherungsfonds DRSF \u00e4u\u00dfert sich nun auch TUI. Das aktuelle Verfahren\n                                                            \u0026hellip; \u003Cicon class=\u0022fa fa-angle-double-right ms-1\u0022\u003E\u003C\/icon\u003E\n                                                    \u003C\/p\u003E\n                                    \n                                                            \u003Ctime class=\u0022small\u0022 datetime=\u00222026-06-22T07:00:14+02:00\u0022\u003E\n                            22. Juni 2026 | 07:00 Uhr\n                        \u003C\/time\u003E\n                                                \u003C\/div\u003E\n            \u003C\/a\u003E\n            \u003C\/div\u003E\n            \u003C\/article\u003E\n\n                                                                    \n\n    \u003Carticle class=\u0022col-md-6 col-lg-4 block-tile type-article\u0022\u003E\n                    \u003Cdiv class=\u0022border rounded shadow-sm h-100 flex-column d-flex    \u0022\u003E\n                    \u003Ca href=\u0022\/vertrieb\/staatsanwaltschaft-stellt-verfahren-gegen-fti-group-ein\u0022\u003E\n                            \n                            \n                    \u003Cdiv class=\u0022tile-body flex-grow-1 d-flex flex-column    \u0022\u003E\n                                                                                                            \u003Ch3 class=\u0022h2\u0022\u003E\u003Cspan class=\u0027hyphen\u0027\u003EStaatsanwaltschaft\u003C\/span\u003E stellt Verfahren gegen FTI Group ein\u003C\/h3\u003E\n                            \n                                    \n                                                                                    \u003Cp class=\u0022flex-grow-1\u0022\u003E\n                                                        \nDie Staatsanwaltschaft M\u00fcnchen hat das Vorermittlungsverfahren gegen die FTI Group eingestellt. Der Verdacht der Insolvenzverschleppung\n                                                            \u0026hellip; \u003Cicon class=\u0022fa fa-angle-double-right ms-1\u0022\u003E\u003C\/icon\u003E\n                                                    \u003C\/p\u003E\n                                    \n                                                            \u003Ctime class=\u0022small\u0022 datetime=\u00222026-06-22T07:00:10+02:00\u0022\u003E\n                            22. Juni 2026 | 07:00 Uhr\n                        \u003C\/time\u003E\n                                                \u003C\/div\u003E\n            \u003C\/a\u003E\n            \u003C\/div\u003E\n            \u003C\/article\u003E\n\n                                                                    \n\n    \u003Carticle class=\u0022col-md-6 col-lg-4 block-tile type-article\u0022\u003E\n                    \u003Cdiv class=\u0022border rounded shadow-sm h-100 flex-column d-flex             bg-primary\n    \u0022\u003E\n                    \u003Ca href=\u0022\/vertrieb\/neues-vermittlungsportal-fuer-luxuskreuzfahrten\u0022\u003E\n                            \n                                                                                                                \u003Cfigure class=\u0022alias-article_16x9 img-fluid rounded-top\u0022 \u003E\n                                                                                                            \u003Cimg src=\u0022https:\/\/www.countervor9.de.dev.xrow.net\/var\/site\/storage\/images\/_aliases\/article_16x9\/5\/4\/4\/2\/1432445-1-ger-DE\/Hapag-Lloyd Europa 2 Foto Hapag-Lloyd.jpg\u0022 alt=\u0022Hapag-Lloyd Europa 2 Foto Hapag-Lloyd\u0022 class=\u0022img-fluid\u0022 height=\u0022410\u0022 width=\u0022750\u0022 \/\u003E\n                                                    \u003Cfigcaption\u003E\n                                                                                                                        \u003Cdiv class=\u0022copyright-image text-end text-white pt-1 pe-2 ezrichtext-field\u0022\u003E\u003Cp\u003EHapag-Lloyd\u003C\/p\u003E\n\u003C\/div\u003E\n\n                                                                                                                                    \u003C\/figcaption\u003E\n                                            \u003C\/figure\u003E\n                                \n                    \u003Cdiv class=\u0022tile-body flex-grow-1 d-flex flex-column             text-white\n    \u0022\u003E\n                                                                                                    \u003Ch3 class=\u0022h2 flex-grow-1\u0022\u003ENeues \u003Cspan class=\u0027hyphen\u0027\u003EVermittlungsportal\u003C\/span\u003E f\u00fcr \u003Cspan class=\u0027hyphen\u0027\u003ELuxuskreuzfahrten\u003C\/span\u003E \u003Cicon class=\u0022fa fa-angle-double-right text-white ms-2\u0022\u003E\u003C\/icon\u003E\u003C\/h3\u003E\n                                    \n                                                    \n                                                            \u003Ctime class=\u0022small\u0022 datetime=\u00222026-06-22T07:00:09+02:00\u0022\u003E\n                            22. Juni 2026 | 07:00 Uhr\n                        \u003C\/time\u003E\n                                                \u003C\/div\u003E\n            \u003C\/a\u003E\n            \u003C\/div\u003E\n            \u003C\/article\u003E\n\n                                                                    \n\n    \u003Carticle class=\u0022col-md-6 col-lg-4 block-tile type-article\u0022\u003E\n                    \u003Cdiv class=\u0022border rounded shadow-sm h-100 flex-column d-flex             bg-primary\n    \u0022\u003E\n                    \u003Ca href=\u0022\/vertrieb\/umfrage-wie-laesst-sich-die-reisesaison-2026-noch-retten\u0022\u003E\n                            \n                                                                                                                \u003Cfigure class=\u0022alias-article_1x1 img-fluid rounded-top w-69\u0022 \u003E\n                                                                                                            \u003Cimg src=\u0022https:\/\/www.countervor9.de.dev.xrow.net\/var\/site\/storage\/images\/_aliases\/article_1x1\/6\/0\/8\/2\/72806-1-ger-DE\/Icon Trend.jpg\u0022 alt=\u0022Icon Trend\u0022 class=\u0022img-fluid\u0022 height=\u0022350\u0022 width=\u0022350\u0022 \/\u003E\n                                                    \u003Cfigcaption\u003E\n                                                                                                                        \u003Cdiv class=\u0022copyright-image text-end text-white pt-1 pe-2 ezrichtext-field\u0022\u003E\u003Cp\u003EReise vor9\u003C\/p\u003E\n\u003C\/div\u003E\n\n                                                                                                                                    \u003C\/figcaption\u003E\n                                            \u003C\/figure\u003E\n                                \n                    \u003Cdiv class=\u0022tile-body flex-grow-1 d-flex flex-column             text-white\n    \u0022\u003E\n                                                                                                    \u003Ch3 class=\u0022h2 flex-grow-1\u0022\u003EUmfrage: Wie l\u00e4sst sich die Reisesaison 2026 noch retten? \u003Cicon class=\u0022fa fa-angle-double-right text-white ms-2\u0022\u003E\u003C\/icon\u003E\u003C\/h3\u003E\n                                    \n                                                    \n                                                            \u003Ctime class=\u0022small\u0022 datetime=\u00222026-06-20T09:07:27+02:00\u0022\u003E\n                            20. Juni 2026 | 09:07 Uhr\n                        \u003C\/time\u003E\n                                                \u003C\/div\u003E\n            \u003C\/a\u003E\n            \u003C\/div\u003E\n            \u003C\/article\u003E\n\n                                                                    \n\n    \u003Carticle class=\u0022col-md-6 col-lg-4 block-tile type-article\u0022\u003E\n                    \u003Cdiv class=\u0022border rounded shadow-sm h-100 flex-column d-flex    \u0022\u003E\n                    \u003Ca href=\u0022\/vertrieb\/klm-bietet-kostenlose-umbuchung-auf-langstrecken-an\u0022\u003E\n                            \n                            \n                    \u003Cdiv class=\u0022tile-body flex-grow-1 d-flex flex-column    \u0022\u003E\n                                                                                                            \u003Ch3 class=\u0022h2\u0022\u003EKLM bietet kostenlose Umbuchung auf Langstrecken an\u003C\/h3\u003E\n                            \n                                    \n                                                                                    \u003Cp class=\u0022flex-grow-1\u0022\u003E\n                                                        \nKLM f\u00fchrt vor\u00fcbergehend eine kostenlose Umbuchungsm\u00f6glichkeit f\u00fcr Langstreckenfl\u00fcge ab Amsterdam ein. Tickets f\u00fcr Interkontinentalverbindungen\n                                                            \u0026hellip; \u003Cicon class=\u0022fa fa-angle-double-right ms-1\u0022\u003E\u003C\/icon\u003E\n                                                    \u003C\/p\u003E\n                                    \n                                                            \u003Ctime class=\u0022small\u0022 datetime=\u00222026-06-18T15:58:45+02:00\u0022\u003E\n                            18. Juni 2026 | 15:58 Uhr\n                        \u003C\/time\u003E\n                                                \u003C\/div\u003E\n            \u003C\/a\u003E\n            \u003C\/div\u003E\n            \u003C\/article\u003E\n\n                                                                    \n\n    \u003Carticle class=\u0022col-md-6 col-lg-4 block-tile type-article\u0022\u003E\n                    \u003Cdiv class=\u0022border rounded shadow-sm h-100 flex-column d-flex             bg-primary\n    \u0022\u003E\n                    \u003Ca href=\u0022\/vertrieb\/neuzugang-fuer-alltours-aussendienst-in-norddeutschland\u0022\u003E\n                            \n                                                                                                                \u003Cfigure class=\u0022alias-article_16x9 img-fluid rounded-top\u0022 \u003E\n                                                                                                            \u003Cimg src=\u0022https:\/\/www.countervor9.de.dev.xrow.net\/var\/site\/storage\/images\/_aliases\/article_16x9\/0\/6\/2\/3\/3123260-1-ger-DE\/15734522e9ed-Ute-Metschukat.jpg\u0022 alt=\u0022Alltours\u0022 class=\u0022img-fluid\u0022 height=\u0022410\u0022 width=\u0022750\u0022 \/\u003E\n                                                    \u003Cfigcaption\u003E\n                                                                                                                        \u003Cdiv class=\u0022copyright-image text-end text-white pt-1 pe-2 ezrichtext-field\u0022\u003E\u003Cp\u003EAlltours\u003C\/p\u003E\n\u003C\/div\u003E\n\n                                                                                                                                    \u003C\/figcaption\u003E\n                                            \u003C\/figure\u003E\n                                \n                    \u003Cdiv class=\u0022tile-body flex-grow-1 d-flex flex-column             text-white\n    \u0022\u003E\n                                                                                                    \u003Ch3 class=\u0022h2 flex-grow-1\u0022\u003ENeuzugang f\u00fcr Alltours-Au\u00dfendienst in Norddeutschland \u003Cicon class=\u0022fa fa-angle-double-right text-white ms-2\u0022\u003E\u003C\/icon\u003E\u003C\/h3\u003E\n                                    \n                                                    \n                                                            \u003Ctime class=\u0022small\u0022 datetime=\u00222026-06-18T15:55:36+02:00\u0022\u003E\n                            18. Juni 2026 | 15:55 Uhr\n                        \u003C\/time\u003E\n                                                \u003C\/div\u003E\n            \u003C\/a\u003E\n            \u003C\/div\u003E\n            \u003C\/article\u003E\n\n                                                                    \n\n    \u003Carticle class=\u0022col-md-6 col-lg-4 block-tile type-article\u0022\u003E\n                    \u003Cdiv class=\u0022border rounded shadow-sm h-100 flex-column d-flex             bg-primary\n    \u0022\u003E\n                    \u003Ca href=\u0022\/vertrieb\/iberostar-verstaerkt-vertriebsteam-fuer-den-dach-markt\u0022\u003E\n                            \n                                                                                                                \u003Cfigure class=\u0022alias-article_16x9 img-fluid rounded-top\u0022 \u003E\n                                                                                                            \u003Cimg src=\u0022https:\/\/www.countervor9.de.dev.xrow.net\/var\/site\/storage\/images\/_aliases\/article_16x9\/6\/7\/1\/2\/3122176-1-ger-DE\/727607704428-Eileen-Bartoelke_Iberostar-Hotels-Resorts1.jpg\u0022 alt=\u0022Eileen Bart\u00f6lke_Iberostar Hotels Resorts\u0022 class=\u0022img-fluid\u0022 height=\u0022410\u0022 width=\u0022750\u0022 \/\u003E\n                                                    \u003Cfigcaption\u003E\n                                                                                                                        \u003Cdiv class=\u0022copyright-image text-end text-white pt-1 pe-2 ezrichtext-field\u0022\u003E\u003Cp\u003EIberostar\u003C\/p\u003E\n\u003C\/div\u003E\n\n                                                                                                                                    \u003C\/figcaption\u003E\n                                            \u003C\/figure\u003E\n                                \n                    \u003Cdiv class=\u0022tile-body flex-grow-1 d-flex flex-column             text-white\n    \u0022\u003E\n                                                                                                    \u003Ch3 class=\u0022h2 flex-grow-1\u0022\u003EIberostar verst\u00e4rkt Vertriebsteam f\u00fcr den DACH-Markt \u003Cicon class=\u0022fa fa-angle-double-right text-white ms-2\u0022\u003E\u003C\/icon\u003E\u003C\/h3\u003E\n                                    \n                                                    \n                                                            \u003Ctime class=\u0022small\u0022 datetime=\u00222026-06-18T07:00:12+02:00\u0022\u003E\n                            18. Juni 2026 | 07:00 Uhr\n                        \u003C\/time\u003E\n                                                \u003C\/div\u003E\n            \u003C\/a\u003E\n            \u003C\/div\u003E\n            \u003C\/article\u003E\n\n                                                                    \n\n    \u003Carticle class=\u0022col-md-6 col-lg-4 block-tile type-article\u0022\u003E\n                    \u003Cdiv class=\u0022border rounded shadow-sm h-100 flex-column d-flex             bg-primary\n    \u0022\u003E\n                    \u003Ca href=\u0022\/vertrieb\/neuer-vertriebschef-fuer-sun-express\u0022\u003E\n                            \n                                                                                                                \u003Cfigure class=\u0022alias-article_16x9 img-fluid rounded-top\u0022 \u003E\n                                                                                                            \u003Cimg src=\u0022https:\/\/www.countervor9.de.dev.xrow.net\/var\/site\/storage\/images\/_aliases\/article_16x9\/6\/2\/7\/2\/3122726-1-ger-DE\/0484d1d53099-Lindemann-Henning-Sun-Express.jpg\u0022 alt=\u0022Lindemann Henning\u0022 class=\u0022img-fluid\u0022 height=\u0022410\u0022 width=\u0022750\u0022 \/\u003E\n                                                    \u003Cfigcaption\u003E\n                                                                                                                        \u003Cdiv class=\u0022copyright-image text-end text-white pt-1 pe-2 ezrichtext-field\u0022\u003E\u003Cp\u003ESun Express\u003C\/p\u003E\n\u003C\/div\u003E\n\n                                                                                                                                    \u003C\/figcaption\u003E\n                                            \u003C\/figure\u003E\n                                \n                    \u003Cdiv class=\u0022tile-body flex-grow-1 d-flex flex-column             text-white\n    \u0022\u003E\n                                                                                                    \u003Ch3 class=\u0022h2 flex-grow-1\u0022\u003ENeuer Vertriebschef f\u00fcr Sun Express \u003Cicon class=\u0022fa fa-angle-double-right text-white ms-2\u0022\u003E\u003C\/icon\u003E\u003C\/h3\u003E\n                                    \n                                                    \n                                                            \u003Ctime class=\u0022small\u0022 datetime=\u00222026-06-17T17:27:23+02:00\u0022\u003E\n                            17. Juni 2026 | 17:27 Uhr\n                        \u003C\/time\u003E\n                                                \u003C\/div\u003E\n            \u003C\/a\u003E\n            \u003C\/div\u003E\n            \u003C\/article\u003E\n\n                                                                    \n\n    \u003Carticle class=\u0022col-md-6 col-lg-4 block-tile type-article\u0022\u003E\n                    \u003Cdiv class=\u0022border rounded shadow-sm h-100 flex-column d-flex             bg-primary\n    \u0022\u003E\n                    \u003Ca href=\u0022\/vertrieb\/tui-laesst-provisionsmodell-unveraendert\u0022\u003E\n                            \n                                                                                                                \u003Cfigure class=\u0022alias-article_16x9 img-fluid rounded-top\u0022 \u003E\n                                                                                                            \u003Cimg src=\u0022https:\/\/www.countervor9.de.dev.xrow.net\/var\/site\/storage\/images\/_aliases\/article_16x9\/9\/3\/8\/7\/3057839-1-ger-DE\/33bc875feee2-Lauenroth-Ilka-Foto-TUI.jpg\u0022 alt=\u0022Lauenroth Ilka Foto TUI\u0022 class=\u0022img-fluid\u0022 height=\u0022410\u0022 width=\u0022750\u0022 \/\u003E\n                                                    \u003Cfigcaption\u003E\n                                                                                                                        \u003Cdiv class=\u0022copyright-image text-end text-white pt-1 pe-2 ezrichtext-field\u0022\u003E\u003Cp\u003ETUI\u003C\/p\u003E\n\u003C\/div\u003E\n\n                                                                                                                                    \u003C\/figcaption\u003E\n                                            \u003C\/figure\u003E\n                                \n                    \u003Cdiv class=\u0022tile-body flex-grow-1 d-flex flex-column             text-white\n    \u0022\u003E\n                                                                                                    \u003Ch3 class=\u0022h2 flex-grow-1\u0022\u003ETUI l\u00e4sst \u003Cspan class=\u0027hyphen\u0027\u003EProvisionsmodell\u003C\/span\u003E unver\u00e4ndert \u003Cicon class=\u0022fa fa-angle-double-right text-white ms-2\u0022\u003E\u003C\/icon\u003E\u003C\/h3\u003E\n                                    \n                                                    \n                                                            \u003Ctime class=\u0022small\u0022 datetime=\u00222026-06-17T15:21:52+02:00\u0022\u003E\n                            17. Juni 2026 | 15:21 Uhr\n                        \u003C\/time\u003E\n                                                \u003C\/div\u003E\n            \u003C\/a\u003E\n            \u003C\/div\u003E\n            \u003C\/article\u003E\n\n                                                                    \n\n    \u003Carticle class=\u0022col-md-6 col-lg-4 block-tile type-article\u0022\u003E\n                    \u003Cdiv class=\u0022border rounded shadow-sm h-100 flex-column d-flex             bg-primary\n    \u0022\u003E\n                    \u003Ca href=\u0022\/vertrieb\/reisebueros-melden-schwachen-auftragseingang-im-mai\u0022\u003E\n                            \n                                                                                                                \u003Cfigure class=\u0022alias-article_16x9 img-fluid rounded-top\u0022 \u003E\n                                                                                                            \u003Cimg src=\u0022https:\/\/www.countervor9.de.dev.xrow.net\/var\/site\/storage\/images\/_aliases\/article_16x9\/8\/4\/6\/9\/2779648-1-ger-DE\/abec6d6b489e-Kreuzfahrt-Landausflug-iStock-vale_t-1282170115.jpg-1222173565.jpg\u0022 alt=\u0022Kreuzfahrt Landausflug\u0022 class=\u0022img-fluid\u0022 height=\u0022410\u0022 width=\u0022750\u0022 \/\u003E\n                                                    \u003Cfigcaption\u003E\n                                                                                                                        \u003Cdiv class=\u0022copyright-image text-end text-white pt-1 pe-2 ezrichtext-field\u0022\u003E\u003Cp\u003EiStock vale_t\u003C\/p\u003E\n\u003C\/div\u003E\n\n                                                                                                                                    \u003C\/figcaption\u003E\n                                            \u003C\/figure\u003E\n                                \n                    \u003Cdiv class=\u0022tile-body flex-grow-1 d-flex flex-column             text-white\n    \u0022\u003E\n                                                                                                    \u003Ch3 class=\u0022h2 flex-grow-1\u0022\u003EReiseb\u00fcros melden schwachen Auftragseingang im Mai \u003Cicon class=\u0022fa fa-angle-double-right text-white ms-2\u0022\u003E\u003C\/icon\u003E\u003C\/h3\u003E\n                                    \n                                                    \n                                                            \u003Ctime class=\u0022small\u0022 datetime=\u00222026-06-16T17:31:37+02:00\u0022\u003E\n                            16. Juni 2026 | 17:31 Uhr\n                        \u003C\/time\u003E\n                                                \u003C\/div\u003E\n            \u003C\/a\u003E\n            \u003C\/div\u003E\n            \u003C\/article\u003E\n\n                                                                    \n\n    \u003Carticle class=\u0022col-md-6 col-lg-4 block-tile type-article\u0022\u003E\n                    \u003Cdiv class=\u0022border rounded shadow-sm h-100 flex-column d-flex    \u0022\u003E\n                    \u003Ca href=\u0022\/vertrieb\/uganda-laedt-reiseprofis-zu-roadshows-ein\u0022\u003E\n                            \n                            \n                    \u003Cdiv class=\u0022tile-body flex-grow-1 d-flex flex-column    \u0022\u003E\n                                                                                                            \u003Ch3 class=\u0022h2\u0022\u003EUganda l\u00e4dt Reiseprofis zu Roadshows ein\u003C\/h3\u003E\n                            \n                                    \n                                                                                    \u003Cp class=\u0022flex-grow-1\u0022\u003E\n                                                        \nDas Uganda Tourism Board l\u00e4dt Reiseb\u00fcros und Veranstalter zu zwei Roadshow-Terminen in Deutschland ein. Die Veranstaltungen\n                                                            \u0026hellip; \u003Cicon class=\u0022fa fa-angle-double-right ms-1\u0022\u003E\u003C\/icon\u003E\n                                                    \u003C\/p\u003E\n                                    \n                                                            \u003Ctime class=\u0022small\u0022 datetime=\u00222026-06-16T16:17:07+02:00\u0022\u003E\n                            16. Juni 2026 | 16:17 Uhr\n                        \u003C\/time\u003E\n                                                \u003C\/div\u003E\n            \u003C\/a\u003E\n            \u003C\/div\u003E\n            \u003C\/article\u003E\n\n                                                                    \n\n    \u003Carticle class=\u0022col-md-6 col-lg-4 block-tile type-article\u0022\u003E\n                    \u003Cdiv class=\u0022border rounded shadow-sm h-100 flex-column d-flex    \u0022\u003E\n                    \u003Ca href=\u0022\/vertrieb\/kurzfristig-zur-alltours-inforeise-nach-mallorca\u0022\u003E\n                            \n                            \n                    \u003Cdiv class=\u0022tile-body flex-grow-1 d-flex flex-column    \u0022\u003E\n                                                                                                            \u003Ch3 class=\u0022h2\u0022\u003EKurzfristig zur Alltours Inforeise nach Mallorca\u003C\/h3\u003E\n                            \n                                    \n                                                                                    \u003Cp class=\u0022flex-grow-1\u0022\u003E\n                                                        \nF\u00fcr Kurzentschlossene bietet Alltours vom 27. bis 30. Juni 2026 eine Last-Minute-Inforeise nach Mallorca an. Expedienten\n                                                            \u0026hellip; \u003Cicon class=\u0022fa fa-angle-double-right ms-1\u0022\u003E\u003C\/icon\u003E\n                                                    \u003C\/p\u003E\n                                    \n                                                            \u003Ctime class=\u0022small\u0022 datetime=\u00222026-06-16T16:15:57+02:00\u0022\u003E\n                            16. Juni 2026 | 16:15 Uhr\n                        \u003C\/time\u003E\n                                                \u003C\/div\u003E\n            \u003C\/a\u003E\n            \u003C\/div\u003E\n            \u003C\/article\u003E\n\n                                                                    \n\n    \u003Carticle class=\u0022col-md-6 col-lg-4 block-tile type-article\u0022\u003E\n                    \u003Cdiv class=\u0022border rounded shadow-sm h-100 flex-column d-flex    \u0022\u003E\n                    \u003Ca href=\u0022\/vertrieb\/instyle-touristik-zahlt-zwoelf-prozent-auf-gruppenreisen\u0022\u003E\n                            \n                            \n                    \u003Cdiv class=\u0022tile-body flex-grow-1 d-flex flex-column    \u0022\u003E\n                                                                                                            \u003Ch3 class=\u0022h2\u0022\u003EInstyle Touristik zahlt zw\u00f6lf Prozent auf Gruppenreisen\u003C\/h3\u003E\n                            \n                                    \n                                                                                    \u003Cp class=\u0022flex-grow-1\u0022\u003E\n                                                        \nInstyle Touristik gew\u00e4hrt Reiseb\u00fcros bis zum 15. Juli 2026 eine Sonderprovision von zw\u00f6lf Prozent auf alle neu gebuchten\n                                                            \u0026hellip; \u003Cicon class=\u0022fa fa-angle-double-right ms-1\u0022\u003E\u003C\/icon\u003E\n                                                    \u003C\/p\u003E\n                                    \n                                                            \u003Ctime class=\u0022small\u0022 datetime=\u00222026-06-16T16:13:51+02:00\u0022\u003E\n                            16. Juni 2026 | 16:13 Uhr\n                        \u003C\/time\u003E\n                                                \u003C\/div\u003E\n            \u003C\/a\u003E\n            \u003C\/div\u003E\n            \u003C\/article\u003E\n\n                                                                    \n\n    \u003Carticle class=\u0022col-md-6 col-lg-4 block-tile type-article\u0022\u003E\n                    \u003Cdiv class=\u0022border rounded shadow-sm h-100 flex-column d-flex             bg-primary\n    \u0022\u003E\n                    \u003Ca href=\u0022\/vertrieb\/die-flex-tarife-feiern-im-krisenjahr-ein-comeback\u0022\u003E\n                            \n                                                                                                                \u003Cfigure class=\u0022alias-article_16x9 img-fluid rounded-top\u0022 \u003E\n                                                                                                            \u003Cimg src=\u0022https:\/\/www.countervor9.de.dev.xrow.net\/var\/site\/storage\/images\/_aliases\/article_16x9\/9\/5\/4\/7\/3067459-1-ger-DE\/80dae9a4154a-Flextarif-Symbol-Flex-Foto-iStock-Mariusz-Prusaczyk.jpg\u0022 alt=\u0022Flextarif Symbol Flex Foto iStock Mariusz Prusaczyk\u0022 class=\u0022img-fluid\u0022 height=\u0022410\u0022 width=\u0022750\u0022 \/\u003E\n                                                    \u003Cfigcaption\u003E\n                                                                                                                        \u003Cdiv class=\u0022copyright-image text-end text-white pt-1 pe-2 ezrichtext-field\u0022\u003E\u003Cp\u003EiStock Mariusz Prusaczyk\u003C\/p\u003E\n\u003C\/div\u003E\n\n                                                                                                                                    \u003C\/figcaption\u003E\n                                            \u003C\/figure\u003E\n                                \n                    \u003Cdiv class=\u0022tile-body flex-grow-1 d-flex flex-column             text-white\n    \u0022\u003E\n                                                                                                    \u003Ch3 class=\u0022h2 flex-grow-1\u0022\u003EDie Flex-Tarife feiern im Krisenjahr ein Comeback \u003Cicon class=\u0022fa fa-angle-double-right text-white ms-2\u0022\u003E\u003C\/icon\u003E\u003C\/h3\u003E\n                                    \n                                                    \n                                                            \u003Ctime class=\u0022small\u0022 datetime=\u00222026-06-16T15:58:33+02:00\u0022\u003E\n                            16. Juni 2026 | 15:58 Uhr\n                        \u003C\/time\u003E\n                                                \u003C\/div\u003E\n            \u003C\/a\u003E\n            \u003C\/div\u003E\n            \u003C\/article\u003E\n\n                                                                    \n\n    \u003Carticle class=\u0022col-md-6 col-lg-4 block-tile type-article\u0022\u003E\n                    \u003Cdiv class=\u0022border rounded shadow-sm h-100 flex-column d-flex             bg-primary\n    \u0022\u003E\n                    \u003Ca href=\u0022\/vertrieb\/coral-travel-oeffnet-starway-awards-fuer-weitere-reisebueros\u0022\u003E\n                            \n                                                                                                                \u003Cfigure class=\u0022alias-article_16x9 img-fluid rounded-top\u0022 \u003E\n                                                                                                            \u003Cimg src=\u0022https:\/\/www.countervor9.de.dev.xrow.net\/var\/site\/storage\/images\/_aliases\/article_16x9\/8\/6\/7\/0\/3120768-1-ger-DE\/1ae135e7d0dc-Gewinner.jpg\u0022 alt=\u0022Coral Starway Award\u0022 class=\u0022img-fluid\u0022 height=\u0022410\u0022 width=\u0022750\u0022 \/\u003E\n                                                    \u003Cfigcaption\u003E\n                                                                                                                        \u003Cdiv class=\u0022copyright-image text-end text-white pt-1 pe-2 ezrichtext-field\u0022\u003E\u003Cp\u003ECoral \/ Kohler\u003C\/p\u003E\n\u003C\/div\u003E\n\n                                                                                                                                    \u003C\/figcaption\u003E\n                                            \u003C\/figure\u003E\n                                \n                    \u003Cdiv class=\u0022tile-body flex-grow-1 d-flex flex-column             text-white\n    \u0022\u003E\n                                                                                                    \u003Ch3 class=\u0022h2 flex-grow-1\u0022\u003ECoral Travel \u00f6ffnet Starway Awards f\u00fcr weitere Reiseb\u00fcros \u003Cicon class=\u0022fa fa-angle-double-right text-white ms-2\u0022\u003E\u003C\/icon\u003E\u003C\/h3\u003E\n                                    \n                                                    \n                                                            \u003Ctime class=\u0022small\u0022 datetime=\u00222026-06-16T15:45:15+02:00\u0022\u003E\n                            16. Juni 2026 | 15:45 Uhr\n                        \u003C\/time\u003E\n                                                \u003C\/div\u003E\n            \u003C\/a\u003E\n            \u003C\/div\u003E\n            \u003C\/article\u003E\n\n                                                                    \n\n    \u003Carticle class=\u0022col-md-6 col-lg-4 block-tile type-article\u0022\u003E\n                    \u003Cdiv class=\u0022border rounded shadow-sm h-100 flex-column d-flex    \u0022\u003E\n                    \u003Ca href=\u0022\/vertrieb\/coral-travel-laedt-reisebueros-zu-tuerkei-event-nach-koeln-ein\u0022\u003E\n                            \n                            \n                    \u003Cdiv class=\u0022tile-body flex-grow-1 d-flex flex-column    \u0022\u003E\n                                                                                                            \u003Ch3 class=\u0022h2\u0022\u003ECoral Travel l\u00e4dt Reiseb\u00fcros zu T\u00fcrkei-Event nach K\u00f6ln ein\u003C\/h3\u003E\n                            \n                                    \n                                                                                    \u003Cp class=\u0022flex-grow-1\u0022\u003E\n                                                        \nCoral Travel veranstaltet am Freitag, 26. Juni, ab 18 Uhr im Rheinloft Cologne das Vertriebsevent \u0026quot;Emotions of T\u00fcrkiye\u0026quot;\n                                                            \u0026hellip; \u003Cicon class=\u0022fa fa-angle-double-right ms-1\u0022\u003E\u003C\/icon\u003E\n                                                    \u003C\/p\u003E\n                                    \n                                                            \u003Ctime class=\u0022small\u0022 datetime=\u00222026-06-16T07:00:09+02:00\u0022\u003E\n                            16. Juni 2026 | 07:00 Uhr\n                        \u003C\/time\u003E\n                                                \u003C\/div\u003E\n            \u003C\/a\u003E\n            \u003C\/div\u003E\n            \u003C\/article\u003E\n\n            \n\n    \u003Cdiv class=\u0022col-md-12\u0022\u003E\n        \u003Cul class=\u0022pagination\u0022\u003E\u003Cli class=\u0022page-item prev\u0022\u003E\u003Ca class=\u0022page-link\u0022 href=\u0022\/page\/74\/30\/tile_3col?ad=350\u0026page=6\u0022 rel=\u0022prev\u0022\u003E\u0026larr; Vorherige\u003C\/a\u003E\u003C\/li\u003E\u003Cli class=\u0022page-item\u0022\u003E\u003Ca class=\u0022page-link\u0022 href=\u0022\/page\/74\/30\/tile_3col?ad=350\u0026page=1\u0022\u003E1\u003C\/a\u003E\u003C\/li\u003E\u003Cli class=\u0022page-item disabled\u0022\u003E\u003Cspan class=\u0022page-link\u0022\u003E\u0026hellip;\u003C\/span\u003E\u003C\/li\u003E\u003Cli class=\u0022page-item\u0022\u003E\u003Ca class=\u0022page-link\u0022 href=\u0022\/page\/74\/30\/tile_3col?ad=350\u0026page=4\u0022\u003E4\u003C\/a\u003E\u003C\/li\u003E\u003Cli class=\u0022page-item\u0022\u003E\u003Ca class=\u0022page-link\u0022 href=\u0022\/page\/74\/30\/tile_3col?ad=350\u0026page=5\u0022\u003E5\u003C\/a\u003E\u003C\/li\u003E\u003Cli class=\u0022page-item\u0022\u003E\u003Ca class=\u0022page-link\u0022 href=\u0022\/page\/74\/30\/tile_3col?ad=350\u0026page=6\u0022\u003E6\u003C\/a\u003E\u003C\/li\u003E\u003Cli class=\u0022page-item active\u0022\u003E\u003Cspan class=\u0022page-link\u0022\u003E7 \u003Cspan class=\u0022sr-only\u0022\u003E(current)\u003C\/span\u003E\u003C\/span\u003E\u003C\/li\u003E\u003Cli class=\u0022page-item\u0022\u003E\u003Ca class=\u0022page-link\u0022 href=\u0022\/page\/74\/30\/tile_3col?ad=350\u0026page=8\u0022\u003E8\u003C\/a\u003E\u003C\/li\u003E\u003Cli class=\u0022page-item\u0022\u003E\u003Ca class=\u0022page-link\u0022 href=\u0022\/page\/74\/30\/tile_3col?ad=350\u0026page=9\u0022\u003E9\u003C\/a\u003E\u003C\/li\u003E\u003Cli class=\u0022page-item\u0022\u003E\u003Ca class=\u0022page-link\u0022 href=\u0022\/page\/74\/30\/tile_3col?ad=350\u0026page=10\u0022\u003E10\u003C\/a\u003E\u003C\/li\u003E\u003Cli class=\u0022page-item disabled\u0022\u003E\u003Cspan class=\u0022page-link\u0022\u003E\u0026hellip;\u003C\/span\u003E\u003C\/li\u003E\u003Cli class=\u0022page-item\u0022\u003E\u003Ca class=\u0022page-link\u0022 href=\u0022\/page\/74\/30\/tile_3col?ad=350\u0026page=539\u0022\u003E539\u003C\/a\u003E\u003C\/li\u003E\u003Cli class=\u0022page-item next\u0022\u003E\u003Ca class=\u0022page-link\u0022 href=\u0022\/page\/74\/30\/tile_3col?ad=350\u0026page=8\u0022 rel=\u0022next\u0022\u003EN\u00e4chste \u0026rarr;\u003C\/a\u003E\u003C\/li\u003E\u003C\/ul\u003E\n    \u003C\/div\u003E\n"}