{"html":"                                                            \n\n    \u003Carticle class=\u0022col-md-6 col-lg-4 block-tile type-article\u0022\u003E\n                    \u003Cdiv class=\u0022border rounded shadow-sm h-100 flex-column d-flex    \u0022\u003E\n                    \u003Ca href=\u0022\/vertrieb\/schauinsland-schult-expis-online-zu-vier-destinationen\u0022\u003E\n                            \n                            \n                    \u003Cdiv class=\u0022tile-body flex-grow-1 d-flex flex-column    \u0022\u003E\n                                                                                                            \u003Ch3 class=\u0022h2\u0022\u003ESchauinsland schult Expis online zu vier Destinationen\u003C\/h3\u003E\n                            \n                                    \n                                                                                    \u003Cp class=\u0022flex-grow-1\u0022\u003E\n                                                        \nSchauinsland setzt die Webinar-Reihe \u0026quot;Zielgebiet kompakt\u0026quot; fort. Dabei liefert der Veranstalter Reiseb\u00fcros Destinationswissen\n                                                            \u0026hellip; \u003Cicon class=\u0022fa fa-angle-double-right ms-1\u0022\u003E\u003C\/icon\u003E\n                                                    \u003C\/p\u003E\n                                    \n                                                            \u003Ctime class=\u0022small\u0022 datetime=\u00222026-08-17T07:00:12+02:00\u0022\u003E\n                            17. August 2026 | 07:00 Uhr\n                        \u003C\/time\u003E\n                                                \u003C\/div\u003E\n            \u003C\/a\u003E\n            \u003C\/div\u003E\n            \u003C\/article\u003E\n\n                                                                    \n\n    \u003Carticle class=\u0022col-md-6 col-lg-4 block-tile type-article\u0022\u003E\n                    \u003Cdiv class=\u0022border rounded shadow-sm h-100 flex-column d-flex    \u0022\u003E\n                    \u003Ca href=\u0022\/vertrieb\/arge-lateinamerika-geht-im-oktober-auf-roadshow3\u0022\u003E\n                            \n                            \n                    \u003Cdiv class=\u0022tile-body flex-grow-1 d-flex flex-column    \u0022\u003E\n                                                                                                            \u003Ch3 class=\u0022h2\u0022\u003EArge Lateinamerika geht im Oktober auf Roadshow\u003C\/h3\u003E\n                            \n                                    \n                                                                                    \u003Cp class=\u0022flex-grow-1\u0022\u003E\n                                                        \nDie Arge Lateinamerika l\u00e4dt Touristiker am 7. und 8. Oktober in Regensburg und Erlangen zu einem Infoabend ein. Mit dabei\n                                                            \u0026hellip; \u003Cicon class=\u0022fa fa-angle-double-right ms-1\u0022\u003E\u003C\/icon\u003E\n                                                    \u003C\/p\u003E\n                                    \n                                                            \u003Ctime class=\u0022small\u0022 datetime=\u00222026-08-14T16:33:31+02:00\u0022\u003E\n                            14. August 2026 | 16:33 Uhr\n                        \u003C\/time\u003E\n                                                \u003C\/div\u003E\n            \u003C\/a\u003E\n            \u003C\/div\u003E\n            \u003C\/article\u003E\n\n                                                                    \n\n    \u003Carticle class=\u0022col-md-6 col-lg-4 block-tile type-ad\u0022\u003E\n                    \u003Cdiv class=\u0022border rounded shadow-sm h-100 flex-column d-flex\u0022\u003E\n                                \u003Cspan class=\u0022ad-caption py-2 pe-3\u0022\u003EAnzeige\u003C\/span\u003E\n    \n                                \u003Cdiv class=\u0022tile-body\u0022\u003E\n                                                                                                        \u003Ca href=\u0022https:\/\/www.countervor9.de.dev.xrow.net\/api\/v1\/tracking\/click\/299094\/aHR0cHMlM0ElMkYlMkZ3d3cuY291bnRlcnZvcjkuZGUlMkZ0aGVtZW53b2NoZW4lMkZhLXJvc2EtMjAyNiUyRmJlaW0tcXVpei1taXRtYWNoZW4tdW5kLWVpbmUtcmVpc2UtbWl0LWEtcm9zYS1nZXdpbm5lbg==%3Futm_source=newsletter%26utm_medium=email%26utm_campaign=Beim%20Quiz%20mitmachen%20und%20eine%20Reise%20mit%20A-ROSA%20gewinnen\u0022 rel=\u0022nofollow\u0022 target=\u0022_blank\u0022\u003E\n                                                        \u003Cfigure\u003E\n                                                        \u003Cimg src=\u0022https:\/\/www.countervor9.de.dev.xrow.net\/api\/v1\/tracking\/view\/299094\/299094\u0022 alt=\u0022\u0022 height=\u0022100%\u0022 width=\u0022100%\u0022 class=\u0022img-fluid\u0022\/\u003E\n\n                                                                    \u003Cfigcaption\u003E\n                                                                                    \u003Cdiv class=\u0022copyright-image text-end ezrichtext-field\u0022\u003E\u003Cp\u003EA-ROSA Flussschiff GmbH\u003C\/p\u003E\n\u003C\/div\u003E\n\n                                                                            \u003C\/figcaption\u003E\n                                                            \u003C\/figure\u003E\n                                                                            \u003C\/a\u003E\n                                            \n                                            \u003Ch3 class=\u0022h2\u0022\u003E\u003Cspan class=\u0022ezstring-field\u0022\u003EBeim Quiz mitmachen und eine Reise mit A-ROSA gewinnen\u003C\/span\u003E\u003C\/h3\u003E\n                        \u003Cdiv class=\u0022mt-2 link-arrow\u0022\u003E\n                            \u003Cp\u003EA\u2011ROSA sowie Reise vor9 und Counter vor9 verlosen eine Flussreise f\u00fcr zwei Personen. Wer zwei Fragen richtig beantwortet, hat die Chance, eine Reise \u00fcber f\u00fcnf N\u00e4chte an Bord eines A\u2011ROSA Schiffes zu gewinnen. Wer die Themenwoche aufmerksam liest, wird keine Probleme haben, die Fragen zu beantworten. \u003Ca href=\u0022https:\/\/www.countervor9.de.dev.xrow.net\/api\/v1\/tracking\/click\/299094\/aHR0cHMlM0ElMkYlMkZ3d3cuY291bnRlcnZvcjkuZGUlMkZ0aGVtZW53b2NoZW4lMkZhLXJvc2EtMjAyNiUyRmJlaW0tcXVpei1taXRtYWNoZW4tdW5kLWVpbmUtcmVpc2UtbWl0LWEtcm9zYS1nZXdpbm5lbg==%3Futm_source=newsletter%26utm_medium=email%26utm_campaign=Beim%20Quiz%20mitmachen%20und%20eine%20Reise%20mit%20A-ROSA%20gewinnen\u0022 target=\u0022_blank\u0022 rel=\u0022nofollow\u0022\u003ECounter vor9\u003C\/a\u003E\u003C\/p\u003E\n\n                        \u003C\/div\u003E\n                                    \u003C\/div\u003E\n            \n                    \u003C\/div\u003E\n            \u003C\/article\u003E\n\n                                                                    \n\n    \u003Carticle class=\u0022col-md-6 col-lg-4 block-tile type-article\u0022\u003E\n                    \u003Cdiv class=\u0022border rounded shadow-sm h-100 flex-column d-flex             bg-primary\n    \u0022\u003E\n                    \u003Ca href=\u0022\/vertrieb\/reisebueros-blicken-mit-skepsis-auf-last-minute-aktivitaeten\u0022\u003E\n                            \n                                                                                                                \u003Cfigure class=\u0022alias-article_16x9 img-fluid rounded-top\u0022 \u003E\n                                                                                                            \u003Cimg src=\u0022https:\/\/www.countervor9.de.dev.xrow.net\/var\/site\/storage\/images\/_aliases\/article_16x9\/2\/5\/4\/0\/3170452-1-ger-DE\/7904d3fc5384-Last-Minute-Tasche-Strand-iStock-KonArt-165511360.jpg\u0022 alt=\u0022Last Minute Tasche Strand\u0022 class=\u0022img-fluid\u0022 height=\u0022410\u0022 width=\u0022750\u0022 \/\u003E\n                                                    \u003Cfigcaption\u003E\n                                                                                                                        \u003Cdiv class=\u0022copyright-image text-end text-white pt-1 pe-2 ezrichtext-field\u0022\u003E\u003Cp\u003EiStock\/KonArt\u003C\/p\u003E\n\u003C\/div\u003E\n\n                                                                                                                                    \u003C\/figcaption\u003E\n                                            \u003C\/figure\u003E\n                                \n                    \u003Cdiv class=\u0022tile-body flex-grow-1 d-flex flex-column             text-white\n    \u0022\u003E\n                                                                                                    \u003Ch3 class=\u0022h2 flex-grow-1\u0022\u003EReiseb\u00fcros blicken mit Skepsis auf Last-Minute-Aktivit\u00e4ten \u003Cicon class=\u0022fa fa-angle-double-right text-white ms-2\u0022\u003E\u003C\/icon\u003E\u003C\/h3\u003E\n                                    \n                                                    \n                                                            \u003Ctime class=\u0022small\u0022 datetime=\u00222026-08-14T16:18:42+02:00\u0022\u003E\n                            14. August 2026 | 16:18 Uhr\n                        \u003C\/time\u003E\n                                                \u003C\/div\u003E\n            \u003C\/a\u003E\n            \u003C\/div\u003E\n            \u003C\/article\u003E\n\n                                                                    \n\n    \u003Carticle class=\u0022col-md-6 col-lg-4 block-tile type-article\u0022\u003E\n                    \u003Cdiv class=\u0022border rounded shadow-sm h-100 flex-column d-flex             bg-primary\n    \u0022\u003E\n                    \u003Ca href=\u0022\/vertrieb\/vusr-jurist-warnt-vor-zersplitterung-der-touristik\u0022\u003E\n                            \n                                                                                                                \u003Cfigure class=\u0022alias-article_16x9 img-fluid rounded-top\u0022 \u003E\n                                                                                                            \u003Cimg src=\u0022https:\/\/www.countervor9.de.dev.xrow.net\/var\/site\/storage\/images\/_aliases\/article_16x9\/6\/0\/4\/0\/3170406-1-ger-DE\/c03661fe96ec-Karimi-Roosbeh.jpg\u0022 alt=\u0022Karimi Roosbeh\u0022 class=\u0022img-fluid\u0022 height=\u0022410\u0022 width=\u0022750\u0022 \/\u003E\n                                                    \u003Cfigcaption\u003E\n                                                                                                                        \u003Cdiv class=\u0022copyright-image text-end text-white pt-1 pe-2 ezrichtext-field\u0022\u003E\u003Cp\u003EKarimi Legal\u003C\/p\u003E\n\u003C\/div\u003E\n\n                                                                                                                                    \u003C\/figcaption\u003E\n                                            \u003C\/figure\u003E\n                                \n                    \u003Cdiv class=\u0022tile-body flex-grow-1 d-flex flex-column             text-white\n    \u0022\u003E\n                                                                                                    \u003Ch3 class=\u0022h2 flex-grow-1\u0022\u003EVUSR-Jurist warnt vor Zersplitterung der Touristik \u003Cicon class=\u0022fa fa-angle-double-right text-white ms-2\u0022\u003E\u003C\/icon\u003E\u003C\/h3\u003E\n                                    \n                                                    \n                                                            \u003Ctime class=\u0022small\u0022 datetime=\u00222026-08-14T14:48:38+02:00\u0022\u003E\n                            14. August 2026 | 14:48 Uhr\n                        \u003C\/time\u003E\n                                                \u003C\/div\u003E\n            \u003C\/a\u003E\n            \u003C\/div\u003E\n            \u003C\/article\u003E\n\n                                                                    \n\n    \u003Carticle class=\u0022col-md-6 col-lg-4 block-tile type-article\u0022\u003E\n                    \u003Cdiv class=\u0022border rounded shadow-sm h-100 flex-column d-flex    \u0022\u003E\n                    \u003Ca href=\u0022\/vertrieb\/alltours-tourt-mit-roadshow-durch-18-staedte2\u0022\u003E\n                            \n                            \n                    \u003Cdiv class=\u0022tile-body flex-grow-1 d-flex flex-column    \u0022\u003E\n                                                                                                            \u003Ch3 class=\u0022h2\u0022\u003EAlltours tourt mit Roadshow durch 18 St\u00e4dte\u003C\/h3\u003E\n                            \n                                    \n                                                                                    \u003Cp class=\u0022flex-grow-1\u0022\u003E\n                                                        \nReiseveranstalter Alltours geht vom 1. bis 28. Oktober auf gro\u00dfe Roadshow. In 18 St\u00e4dten bundesweit pr\u00e4sentiert der Vertriebsau\u00dfendienst\n                                                            \u0026hellip; \u003Cicon class=\u0022fa fa-angle-double-right ms-1\u0022\u003E\u003C\/icon\u003E\n                                                    \u003C\/p\u003E\n                                    \n                                                            \u003Ctime class=\u0022small\u0022 datetime=\u00222026-08-14T07:00:14+02:00\u0022\u003E\n                            14. August 2026 | 07:00 Uhr\n                        \u003C\/time\u003E\n                                                \u003C\/div\u003E\n            \u003C\/a\u003E\n            \u003C\/div\u003E\n            \u003C\/article\u003E\n\n                                                                    \n\n    \u003Carticle class=\u0022col-md-6 col-lg-4 block-tile type-article\u0022\u003E\n                    \u003Cdiv class=\u0022border rounded shadow-sm h-100 flex-column d-flex    \u0022\u003E\n                    \u003Ca href=\u0022\/vertrieb\/diamir-stellt-expis-das-reiseziel-simbabwe-vor\u0022\u003E\n                            \n                            \n                    \u003Cdiv class=\u0022tile-body flex-grow-1 d-flex flex-column    \u0022\u003E\n                                                                                                            \u003Ch3 class=\u0022h2\u0022\u003EDiamir stellt Expis das Reiseziel Simbabwe vor\u003C\/h3\u003E\n                            \n                                    \n                                                                                    \u003Cp class=\u0022flex-grow-1\u0022\u003E\n                                                        \nDiamir veranstaltet am Mittwoch, 26. August, ab 9 Uhr ein Webinar zu Simbabwe. Im Mittelpunkt stehen H\u00f6hepunkte des Programms\n                                                            \u0026hellip; \u003Cicon class=\u0022fa fa-angle-double-right ms-1\u0022\u003E\u003C\/icon\u003E\n                                                    \u003C\/p\u003E\n                                    \n                                                            \u003Ctime class=\u0022small\u0022 datetime=\u00222026-08-14T07:00:13+02:00\u0022\u003E\n                            14. August 2026 | 07:00 Uhr\n                        \u003C\/time\u003E\n                                                \u003C\/div\u003E\n            \u003C\/a\u003E\n            \u003C\/div\u003E\n            \u003C\/article\u003E\n\n                                                                    \n\n    \u003Carticle class=\u0022col-md-6 col-lg-4 block-tile type-article\u0022\u003E\n                    \u003Cdiv class=\u0022border rounded shadow-sm h-100 flex-column d-flex             bg-primary\n    \u0022\u003E\n                    \u003Ca href=\u0022\/vertrieb\/neuer-mann-fuer-anex-im-reisebuero-aussendienst\u0022\u003E\n                            \n                                                                                                                \u003Cfigure class=\u0022alias-article_16x9 img-fluid rounded-top\u0022 \u003E\n                                                                                                            \u003Cimg src=\u0022https:\/\/www.countervor9.de.dev.xrow.net\/var\/site\/storage\/images\/_aliases\/article_16x9\/8\/9\/7\/9\/3169798-1-ger-DE\/02b0971264a9-Bearden-Patrick-Anex-Gruppe-AD.jpg\u0022 alt=\u0022Bearden Patrick\u0022 class=\u0022img-fluid\u0022 height=\u0022410\u0022 width=\u0022750\u0022 \/\u003E\n                                                    \u003Cfigcaption\u003E\n                                                                                                                        \u003Cdiv class=\u0022copyright-image text-end text-white pt-1 pe-2 ezrichtext-field\u0022\u003E\u003Cp\u003EAnex-Gruppe\u003C\/p\u003E\n\u003C\/div\u003E\n\n                                                                                                                                    \u003C\/figcaption\u003E\n                                            \u003C\/figure\u003E\n                                \n                    \u003Cdiv class=\u0022tile-body flex-grow-1 d-flex flex-column             text-white\n    \u0022\u003E\n                                                                                                    \u003Ch3 class=\u0022h2 flex-grow-1\u0022\u003ENeuer Mann f\u00fcr Anex im Reiseb\u00fcro-Au\u00dfendienst \u003Cicon class=\u0022fa fa-angle-double-right text-white ms-2\u0022\u003E\u003C\/icon\u003E\u003C\/h3\u003E\n                                    \n                                                    \n                                                            \u003Ctime class=\u0022small\u0022 datetime=\u00222026-08-13T17:02:38+02:00\u0022\u003E\n                            13. August 2026 | 17:02 Uhr\n                        \u003C\/time\u003E\n                                                \u003C\/div\u003E\n            \u003C\/a\u003E\n            \u003C\/div\u003E\n            \u003C\/article\u003E\n\n                                                                    \n\n    \u003Carticle class=\u0022col-md-6 col-lg-4 block-tile type-article\u0022\u003E\n                    \u003Cdiv class=\u0022border rounded shadow-sm h-100 flex-column d-flex             bg-primary\n    \u0022\u003E\n                    \u003Ca href=\u0022\/vertrieb\/touristische-buchungen-waren-im-juli-stark-ruecklaeufig\u0022\u003E\n                            \n                                                                                                                \u003Cfigure class=\u0022alias-article_16x9 img-fluid rounded-top\u0022 \u003E\n                                                                                                            \u003Cimg src=\u0022https:\/\/www.countervor9.de.dev.xrow.net\/var\/site\/storage\/images\/_aliases\/article_16x9\/4\/8\/4\/6\/2876484-1-ger-DE\/f23ce915d0c9-Kreuzfahrt-iStock-StudioBarcelona-1137559165.jpg\u0022 alt=\u0022Kreuzfahrt\u0022 class=\u0022img-fluid\u0022 height=\u0022410\u0022 width=\u0022750\u0022 \/\u003E\n                                                    \u003Cfigcaption\u003E\n                                                                                                                        \u003Cdiv class=\u0022copyright-image text-end text-white pt-1 pe-2 ezrichtext-field\u0022\u003E\u003Cp\u003EiStock\/StudioBarcelona\u003C\/p\u003E\n\u003C\/div\u003E\n\n                                                                                                                                    \u003C\/figcaption\u003E\n                                            \u003C\/figure\u003E\n                                \n                    \u003Cdiv class=\u0022tile-body flex-grow-1 d-flex flex-column             text-white\n    \u0022\u003E\n                                                                                                    \u003Ch3 class=\u0022h2 flex-grow-1\u0022\u003ETouristische Buchungen waren im Juli stark r\u00fcckl\u00e4ufig \u003Cicon class=\u0022fa fa-angle-double-right text-white ms-2\u0022\u003E\u003C\/icon\u003E\u003C\/h3\u003E\n                                    \n                                                    \n                                                            \u003Ctime class=\u0022small\u0022 datetime=\u00222026-08-13T11:31:54+02:00\u0022\u003E\n                            13. August 2026 | 11:31 Uhr\n                        \u003C\/time\u003E\n                                                \u003C\/div\u003E\n            \u003C\/a\u003E\n            \u003C\/div\u003E\n            \u003C\/article\u003E\n\n                                                                    \n\n    \u003Carticle class=\u0022col-md-6 col-lg-4 block-tile type-article\u0022\u003E\n                    \u003Cdiv class=\u0022border rounded shadow-sm h-100 flex-column d-flex             bg-primary\n    \u0022\u003E\n                    \u003Ca href=\u0022\/vertrieb\/tui-chef-relativiert-bedeutung-der-neuen-marke-sundeals\u0022\u003E\n                            \n                                                                                                                \u003Cfigure class=\u0022alias-article_16x9 img-fluid rounded-top\u0022 \u003E\n                                                                                                            \u003Cimg src=\u0022https:\/\/www.countervor9.de.dev.xrow.net\/var\/site\/storage\/images\/_aliases\/article_16x9\/4\/1\/6\/8\/3168614-1-ger-DE\/ae6c7fb746dc-Ebel-Sebastian-TUI-Group2.jpg\u0022 alt=\u0022Ebel Sebastian\u0022 class=\u0022img-fluid\u0022 height=\u0022410\u0022 width=\u0022750\u0022 \/\u003E\n                                                    \u003Cfigcaption\u003E\n                                                                                                                        \u003Cdiv class=\u0022copyright-image text-end text-white pt-1 pe-2 ezrichtext-field\u0022\u003E\u003Cp\u003ETUI Group\u003C\/p\u003E\n\u003C\/div\u003E\n\n                                                                                                                                    \u003C\/figcaption\u003E\n                                            \u003C\/figure\u003E\n                                \n                    \u003Cdiv class=\u0022tile-body flex-grow-1 d-flex flex-column             text-white\n    \u0022\u003E\n                                                                                                    \u003Ch3 class=\u0022h2 flex-grow-1\u0022\u003ETUI-Chef relativiert Bedeutung der neuen Marke Sundeals \u003Cicon class=\u0022fa fa-angle-double-right text-white ms-2\u0022\u003E\u003C\/icon\u003E\u003C\/h3\u003E\n                                    \n                                                    \n                                                            \u003Ctime class=\u0022small\u0022 datetime=\u00222026-08-12T18:23:07+02:00\u0022\u003E\n                            12. August 2026 | 18:23 Uhr\n                        \u003C\/time\u003E\n                                                \u003C\/div\u003E\n            \u003C\/a\u003E\n            \u003C\/div\u003E\n            \u003C\/article\u003E\n\n                                                                    \n\n    \u003Carticle class=\u0022col-md-6 col-lg-4 block-tile type-article\u0022\u003E\n                    \u003Cdiv class=\u0022border rounded shadow-sm h-100 flex-column d-flex    \u0022\u003E\n                    \u003Ca href=\u0022\/vertrieb\/aviareps-geht-im-september-wieder-auf-roadshow\u0022\u003E\n                            \n                            \n                    \u003Cdiv class=\u0022tile-body flex-grow-1 d-flex flex-column    \u0022\u003E\n                                                                                                            \u003Ch3 class=\u0022h2\u0022\u003EAviareps geht im September wieder auf Roadshow\u003C\/h3\u003E\n                            \n                                    \n                                                                                    \u003Cp class=\u0022flex-grow-1\u0022\u003E\n                                                        \nVom 14. bis 17. September l\u00e4dt die Agentur Aviareps Reiseb\u00fcros zur Herbstausgabe der Roadshow ein. Die Stationen sind K\u00f6ln\n                                                            \u0026hellip; \u003Cicon class=\u0022fa fa-angle-double-right ms-1\u0022\u003E\u003C\/icon\u003E\n                                                    \u003C\/p\u003E\n                                    \n                                                            \u003Ctime class=\u0022small\u0022 datetime=\u00222026-08-12T17:19:59+02:00\u0022\u003E\n                            12. August 2026 | 17:19 Uhr\n                        \u003C\/time\u003E\n                                                \u003C\/div\u003E\n            \u003C\/a\u003E\n            \u003C\/div\u003E\n            \u003C\/article\u003E\n\n                                                                    \n\n    \u003Carticle class=\u0022col-md-6 col-lg-4 block-tile type-article\u0022\u003E\n                    \u003Cdiv class=\u0022border rounded shadow-sm h-100 flex-column d-flex             bg-primary\n    \u0022\u003E\n                    \u003Ca href=\u0022\/vertrieb\/umfrage-was-hat-das-last-minute-geschaeft-wirklich-gebracht\u0022\u003E\n                            \n                                                                                                                \u003Cfigure class=\u0022alias-article_16x9 img-fluid rounded-top\u0022 \u003E\n                                                                                                            \u003Cimg src=\u0022https:\/\/www.countervor9.de.dev.xrow.net\/var\/site\/storage\/images\/_aliases\/article_16x9\/2\/9\/4\/8\/3168492-1-ger-DE\/e9e695e12711-Last-Minute-iStock-style-photography-1153627725.jpg\u0022 alt=\u0022Last Minute\u0022 class=\u0022img-fluid\u0022 height=\u0022410\u0022 width=\u0022750\u0022 \/\u003E\n                                                    \u003Cfigcaption\u003E\n                                                                                                                        \u003Cdiv class=\u0022copyright-image text-end text-white pt-1 pe-2 ezrichtext-field\u0022\u003E\u003Cp\u003EiStock\/style-photography\u003C\/p\u003E\n\u003C\/div\u003E\n\n                                                                                                                                    \u003C\/figcaption\u003E\n                                            \u003C\/figure\u003E\n                                \n                    \u003Cdiv class=\u0022tile-body flex-grow-1 d-flex flex-column             text-white\n    \u0022\u003E\n                                                                                                    \u003Ch3 class=\u0022h2 flex-grow-1\u0022\u003EUmfrage: Was hat das Last-Minute-Gesch\u00e4ft wirklich gebracht? \u003Cicon class=\u0022fa fa-angle-double-right text-white ms-2\u0022\u003E\u003C\/icon\u003E\u003C\/h3\u003E\n                                    \n                                                    \n                                                            \u003Ctime class=\u0022small\u0022 datetime=\u00222026-08-12T15:42:58+02:00\u0022\u003E\n                            12. August 2026 | 15:42 Uhr\n                        \u003C\/time\u003E\n                                                \u003C\/div\u003E\n            \u003C\/a\u003E\n            \u003C\/div\u003E\n            \u003C\/article\u003E\n\n                                                                    \n\n    \u003Carticle class=\u0022col-md-6 col-lg-4 block-tile type-article\u0022\u003E\n                    \u003Cdiv class=\u0022border rounded shadow-sm h-100 flex-column d-flex             bg-primary\n    \u0022\u003E\n                    \u003Ca href=\u0022\/vertrieb\/podcast-wie-reisebueros-die-vielen-krisen-bewaeltigen-koennen\u0022\u003E\n                            \n                                                                                                                \u003Cfigure class=\u0022alias-article_16x9 img-fluid rounded-top\u0022 \u003E\n                                                                                                            \u003Cimg src=\u0022https:\/\/www.countervor9.de.dev.xrow.net\/var\/site\/storage\/images\/_aliases\/article_16x9\/8\/9\/9\/7\/3167998-1-ger-DE\/eba63d0334ca-Reminder-Schray-Gabriele-Eurolloyd.jpg\u0022 alt=\u0022Reminder-Schray Gabriele\u0022 class=\u0022img-fluid\u0022 height=\u0022410\u0022 width=\u0022750\u0022 \/\u003E\n                                                    \u003Cfigcaption\u003E\n                                                                                                                        \u003Cdiv class=\u0022copyright-image text-end text-white pt-1 pe-2 ezrichtext-field\u0022\u003E\u003Cp\u003EEurolloyd\u003C\/p\u003E\n\u003C\/div\u003E\n\n                                                                                                                                    \u003C\/figcaption\u003E\n                                            \u003C\/figure\u003E\n                                \n                    \u003Cdiv class=\u0022tile-body flex-grow-1 d-flex flex-column             text-white\n    \u0022\u003E\n                                                                                                    \u003Ch3 class=\u0022h2 flex-grow-1\u0022\u003EPodcast: Wie Reiseb\u00fcros die vielen Krisen bew\u00e4ltigen k\u00f6nnen \u003Cicon class=\u0022fa fa-angle-double-right text-white ms-2\u0022\u003E\u003C\/icon\u003E\u003C\/h3\u003E\n                                    \n                                                    \n                                                            \u003Ctime class=\u0022small\u0022 datetime=\u00222026-08-12T15:00:36+02:00\u0022\u003E\n                            12. August 2026 | 15:00 Uhr\n                        \u003C\/time\u003E\n                                                \u003C\/div\u003E\n            \u003C\/a\u003E\n            \u003C\/div\u003E\n            \u003C\/article\u003E\n\n                                                                    \n\n    \u003Carticle class=\u0022col-md-6 col-lg-4 block-tile type-article\u0022\u003E\n                    \u003Cdiv class=\u0022border rounded shadow-sm h-100 flex-column d-flex             bg-primary\n    \u0022\u003E\n                    \u003Ca href=\u0022\/vertrieb\/auf-uwe-mohr-folgt-christian-hein-als-aida-vertriebschef\u0022\u003E\n                            \n                                                                                                                \u003Cfigure class=\u0022alias-article_16x9 img-fluid rounded-top\u0022 \u003E\n                                                                                                            \u003Cimg src=\u0022https:\/\/www.countervor9.de.dev.xrow.net\/var\/site\/storage\/images\/_aliases\/article_16x9\/2\/8\/7\/7\/3167782-1-ger-DE\/71ab4d7f6468-Hein-Christian-Aida-Vertriebschef-Foto-Aida-Cruises.jpg\u0022 alt=\u0022Hein Christian Aida Vertriebschef Foto Aida Cruises\u0022 class=\u0022img-fluid\u0022 height=\u0022410\u0022 width=\u0022750\u0022 \/\u003E\n                                                    \u003Cfigcaption\u003E\n                                                                                                                        \u003Cdiv class=\u0022copyright-image text-end text-white pt-1 pe-2 ezrichtext-field\u0022\u003E\u003Cp\u003EAida Cruises\u003C\/p\u003E\n\u003C\/div\u003E\n\n                                                                                                                                    \u003C\/figcaption\u003E\n                                            \u003C\/figure\u003E\n                                \n                    \u003Cdiv class=\u0022tile-body flex-grow-1 d-flex flex-column             text-white\n    \u0022\u003E\n                                                                                                    \u003Ch3 class=\u0022h2 flex-grow-1\u0022\u003EAuf Uwe Mohr folgt Christian Hein als Aida-Vertriebschef \u003Cicon class=\u0022fa fa-angle-double-right text-white ms-2\u0022\u003E\u003C\/icon\u003E\u003C\/h3\u003E\n                                    \n                                                    \n                                                            \u003Ctime class=\u0022small\u0022 datetime=\u00222026-08-12T14:59:49+02:00\u0022\u003E\n                            12. August 2026 | 14:59 Uhr\n                        \u003C\/time\u003E\n                                                \u003C\/div\u003E\n            \u003C\/a\u003E\n            \u003C\/div\u003E\n            \u003C\/article\u003E\n\n                                                                    \n\n    \u003Carticle class=\u0022col-md-6 col-lg-4 block-tile type-article\u0022\u003E\n                    \u003Cdiv class=\u0022border rounded shadow-sm h-100 flex-column d-flex    \u0022\u003E\n                    \u003Ca href=\u0022\/vertrieb\/reisezukunft-informiert-zu-phishing-risiken-im-vertrieb\u0022\u003E\n                            \n                            \n                    \u003Cdiv class=\u0022tile-body flex-grow-1 d-flex flex-column    \u0022\u003E\n                                                                                                            \u003Ch3 class=\u0022h2\u0022\u003EReisezukunft informiert zu Phishing-Risiken im Vertrieb\u003C\/h3\u003E\n                            \n                                    \n                                                                                    \u003Cp class=\u0022flex-grow-1\u0022\u003E\n                                                        \nDas Forschungsprojekt Reisezukunft stellt eine Informationsseite vor, die sich dem Thema Cyber Security widmet. Dabei erkl\u00e4rt\n                                                            \u0026hellip; \u003Cicon class=\u0022fa fa-angle-double-right ms-1\u0022\u003E\u003C\/icon\u003E\n                                                    \u003C\/p\u003E\n                                    \n                                                            \u003Ctime class=\u0022small\u0022 datetime=\u00222026-08-12T07:00:12+02:00\u0022\u003E\n                            12. August 2026 | 07:00 Uhr\n                        \u003C\/time\u003E\n                                                \u003C\/div\u003E\n            \u003C\/a\u003E\n            \u003C\/div\u003E\n            \u003C\/article\u003E\n\n                                                                    \n\n    \u003Carticle class=\u0022col-md-6 col-lg-4 block-tile type-article\u0022\u003E\n                    \u003Cdiv class=\u0022border rounded shadow-sm h-100 flex-column d-flex    \u0022\u003E\n                    \u003Ca href=\u0022\/vertrieb\/gebeco-reisen-sind-ueber-b2b-portal-milemio-buchbar\u0022\u003E\n                            \n                            \n                    \u003Cdiv class=\u0022tile-body flex-grow-1 d-flex flex-column    \u0022\u003E\n                                                                                                            \u003Ch3 class=\u0022h2\u0022\u003EGebeco-Reisen sind \u00fcber B2B-Portal Milemio buchbar\u003C\/h3\u003E\n                            \n                                    \n                                                                                    \u003Cp class=\u0022flex-grow-1\u0022\u003E\n                                                        \nReiseb\u00fcros k\u00f6nnen die komplette Produktpalette von Gebeco ab sofort \u00fcber die B2B-Plattform Milemio buchen. Vorteil des\n                                                            \u0026hellip; \u003Cicon class=\u0022fa fa-angle-double-right ms-1\u0022\u003E\u003C\/icon\u003E\n                                                    \u003C\/p\u003E\n                                    \n                                                            \u003Ctime class=\u0022small\u0022 datetime=\u00222026-08-12T07:00:11+02:00\u0022\u003E\n                            12. August 2026 | 07:00 Uhr\n                        \u003C\/time\u003E\n                                                \u003C\/div\u003E\n            \u003C\/a\u003E\n            \u003C\/div\u003E\n            \u003C\/article\u003E\n\n                                                                    \n\n    \u003Carticle class=\u0022col-md-6 col-lg-4 block-tile type-article\u0022\u003E\n                    \u003Cdiv class=\u0022border rounded shadow-sm h-100 flex-column d-flex    \u0022\u003E\n                    \u003Ca href=\u0022\/vertrieb\/so-klappt-das-verkaufsgespraech-mit-anspruchsvollen-kunden\u0022\u003E\n                            \n                            \n                    \u003Cdiv class=\u0022tile-body flex-grow-1 d-flex flex-column    \u0022\u003E\n                                                                                                            \u003Ch3 class=\u0022h2\u0022\u003ESo klappt das Verkaufsgespr\u00e4ch mit anspruchsvollen Kunden\u003C\/h3\u003E\n                            \n                                    \n                                                                                    \u003Cp class=\u0022flex-grow-1\u0022\u003E\n                                                        \nUnter dem Motto \u0026quot;Sie haben ja keine Ahnung\u0026quot; zeigt Wibke Rissling-Erdbr\u00fcgge von WRE Training f\u00fcr Touristiker, wie Reiseverk\u00e4ufer\n                                                            \u0026hellip; \u003Cicon class=\u0022fa fa-angle-double-right ms-1\u0022\u003E\u003C\/icon\u003E\n                                                    \u003C\/p\u003E\n                                    \n                                                            \u003Ctime class=\u0022small\u0022 datetime=\u00222026-08-11T21:07:34+02:00\u0022\u003E\n                            11. August 2026 | 21:07 Uhr\n                        \u003C\/time\u003E\n                                                \u003C\/div\u003E\n            \u003C\/a\u003E\n            \u003C\/div\u003E\n            \u003C\/article\u003E\n\n                                                                    \n\n    \u003Carticle class=\u0022col-md-6 col-lg-4 block-tile type-article\u0022\u003E\n                    \u003Cdiv class=\u0022border rounded shadow-sm h-100 flex-column d-flex             bg-primary\n    \u0022\u003E\n                    \u003Ca href=\u0022\/vertrieb\/umfrage-was-hat-das-last-minute-geschaeft-diesmal-gebracht\u0022\u003E\n                            \n                                                                                                                \u003Cfigure class=\u0022alias-article_16x9 img-fluid rounded-top\u0022 \u003E\n                                                                                                            \u003Cimg src=\u0022https:\/\/www.countervor9.de.dev.xrow.net\/var\/site\/storage\/images\/_aliases\/article_16x9\/2\/9\/4\/8\/3168492-1-ger-DE\/e9e695e12711-Last-Minute-iStock-style-photography-1153627725.jpg\u0022 alt=\u0022Last Minute\u0022 class=\u0022img-fluid\u0022 height=\u0022410\u0022 width=\u0022750\u0022 \/\u003E\n                                                    \u003Cfigcaption\u003E\n                                                                                                                        \u003Cdiv class=\u0022copyright-image text-end text-white pt-1 pe-2 ezrichtext-field\u0022\u003E\u003Cp\u003EiStock\/style-photography\u003C\/p\u003E\n\u003C\/div\u003E\n\n                                                                                                                                    \u003C\/figcaption\u003E\n                                            \u003C\/figure\u003E\n                                \n                    \u003Cdiv class=\u0022tile-body flex-grow-1 d-flex flex-column             text-white\n    \u0022\u003E\n                                                                                                    \u003Ch3 class=\u0022h2 flex-grow-1\u0022\u003EUmfrage: Was hat das Last-Minute-Gesch\u00e4ft diesmal gebracht? \u003Cicon class=\u0022fa fa-angle-double-right text-white ms-2\u0022\u003E\u003C\/icon\u003E\u003C\/h3\u003E\n                                    \n                                                    \n                                                            \u003Ctime class=\u0022small\u0022 datetime=\u00222026-08-11T13:31:08+02:00\u0022\u003E\n                            11. August 2026 | 13:31 Uhr\n                        \u003C\/time\u003E\n                                                \u003C\/div\u003E\n            \u003C\/a\u003E\n            \u003C\/div\u003E\n            \u003C\/article\u003E\n\n                                                                    \n\n    \u003Carticle class=\u0022col-md-6 col-lg-4 block-tile type-article\u0022\u003E\n                    \u003Cdiv class=\u0022border rounded shadow-sm h-100 flex-column d-flex    \u0022\u003E\n                    \u003Ca href=\u0022\/vertrieb\/miller-reisen-stellt-segeltoerns-auf-den-antillen-vor\u0022\u003E\n                            \n                            \n                    \u003Cdiv class=\u0022tile-body flex-grow-1 d-flex flex-column    \u0022\u003E\n                                                                                                            \u003Ch3 class=\u0022h2\u0022\u003EMiller Reisen stellt Segelt\u00f6rns auf den Antillen vor\u003C\/h3\u003E\n                            \n                                    \n                                                                                    \u003Cp class=\u0022flex-grow-1\u0022\u003E\n                                                        \nMiller Reisen schult Expis am Mittwoch, 12. August, um 11 Uhr zu Segelreisen auf den Kleinen Antillen. Im Fokus des Webinars\n                                                            \u0026hellip; \u003Cicon class=\u0022fa fa-angle-double-right ms-1\u0022\u003E\u003C\/icon\u003E\n                                                    \u003C\/p\u003E\n                                    \n                                                            \u003Ctime class=\u0022small\u0022 datetime=\u00222026-08-11T07:00:13+02:00\u0022\u003E\n                            11. August 2026 | 07:00 Uhr\n                        \u003C\/time\u003E\n                                                \u003C\/div\u003E\n            \u003C\/a\u003E\n            \u003C\/div\u003E\n            \u003C\/article\u003E\n\n                                                                    \n\n    \u003Carticle class=\u0022col-md-6 col-lg-4 block-tile type-article\u0022\u003E\n                    \u003Cdiv class=\u0022border rounded shadow-sm h-100 flex-column d-flex             bg-primary\n    \u0022\u003E\n                    \u003Ca href=\u0022\/vertrieb\/veranstalter-naar-nun-im-angebot-von-solamento-reiseberatern\u0022\u003E\n                            \n                                                                                                                \u003Cfigure class=\u0022alias-article_16x9 img-fluid rounded-top\u0022 \u003E\n                                                                                                            \u003Cimg src=\u0022https:\/\/www.countervor9.de.dev.xrow.net\/var\/site\/storage\/images\/_aliases\/article_16x9\/5\/7\/2\/2\/2112275-1-ger-DE\/a428f6ca6c0e-Thailand-Strand-Symbol-Frau-Foto-iStock-Oppdowngalon.jpg\u0022 alt=\u0022Thailand Strand Symbol Frau Foto iStock Oppdowngalon\u0022 class=\u0022img-fluid\u0022 height=\u0022410\u0022 width=\u0022750\u0022 \/\u003E\n                                                    \u003Cfigcaption\u003E\n                                                                                                                        \u003Cdiv class=\u0022copyright-image text-end text-white pt-1 pe-2 ezrichtext-field\u0022\u003E\u003Cp\u003EiStock Oppdowngalon\u003C\/p\u003E\n\u003C\/div\u003E\n\n                                                                                                                                    \u003C\/figcaption\u003E\n                                            \u003C\/figure\u003E\n                                \n                    \u003Cdiv class=\u0022tile-body flex-grow-1 d-flex flex-column             text-white\n    \u0022\u003E\n                                                                                                    \u003Ch3 class=\u0022h2 flex-grow-1\u0022\u003EVeranstalter Naar nun im Angebot von Solamento-Reiseberatern \u003Cicon class=\u0022fa fa-angle-double-right text-white ms-2\u0022\u003E\u003C\/icon\u003E\u003C\/h3\u003E\n                                    \n                                                    \n                                                            \u003Ctime class=\u0022small\u0022 datetime=\u00222026-08-10T20:34:24+02:00\u0022\u003E\n                            10. August 2026 | 20:34 Uhr\n                        \u003C\/time\u003E\n                                                \u003C\/div\u003E\n            \u003C\/a\u003E\n            \u003C\/div\u003E\n            \u003C\/article\u003E\n\n                                                                    \n\n    \u003Carticle class=\u0022col-md-6 col-lg-4 block-tile type-article\u0022\u003E\n                    \u003Cdiv class=\u0022border rounded shadow-sm h-100 flex-column d-flex             bg-primary\n    \u0022\u003E\n                    \u003Ca href=\u0022\/vertrieb\/marco-goetz-wechselt-von-discover-zu-eurowings\u0022\u003E\n                            \n                                                                                                                \u003Cfigure class=\u0022alias-article_16x9 img-fluid rounded-top\u0022 \u003E\n                                                                                                            \u003Cimg src=\u0022https:\/\/www.countervor9.de.dev.xrow.net\/var\/site\/storage\/images\/_aliases\/article_16x9\/3\/6\/4\/4\/3164463-1-ger-DE\/5c0b392a25e7-Marco-Goetz-Discover-Airlines-.jpg\u0022 alt=\u0022G\u00f6tz Marco\u0022 class=\u0022img-fluid\u0022 height=\u0022410\u0022 width=\u0022750\u0022 \/\u003E\n                                                    \u003Cfigcaption\u003E\n                                                                                                                        \u003Cdiv class=\u0022copyright-image text-end text-white pt-1 pe-2 ezrichtext-field\u0022\u003E\u003Cp\u003EDiscover Airlines\u003C\/p\u003E\n\u003C\/div\u003E\n\n                                                                                                                                    \u003C\/figcaption\u003E\n                                            \u003C\/figure\u003E\n                                \n                    \u003Cdiv class=\u0022tile-body flex-grow-1 d-flex flex-column             text-white\n    \u0022\u003E\n                                                                                                    \u003Ch3 class=\u0022h2 flex-grow-1\u0022\u003EMarco G\u00f6tz wechselt von Discover zu Eurowings \u003Cicon class=\u0022fa fa-angle-double-right text-white ms-2\u0022\u003E\u003C\/icon\u003E\u003C\/h3\u003E\n                                    \n                                                    \n                                                            \u003Ctime class=\u0022small\u0022 datetime=\u00222026-08-10T18:19:08+02:00\u0022\u003E\n                            10. August 2026 | 18:19 Uhr\n                        \u003C\/time\u003E\n                                                \u003C\/div\u003E\n            \u003C\/a\u003E\n            \u003C\/div\u003E\n            \u003C\/article\u003E\n\n                                                                    \n\n    \u003Carticle class=\u0022col-md-6 col-lg-4 block-tile type-article\u0022\u003E\n                    \u003Cdiv class=\u0022border rounded shadow-sm h-100 flex-column d-flex             bg-primary\n    \u0022\u003E\n                    \u003Ca href=\u0022\/vertrieb\/alltours-umwirbt-kleine-reisebueros-mit-hoeherer-provision\u0022\u003E\n                            \n                                                                                                                \u003Cfigure class=\u0022alias-article_16x9 img-fluid rounded-top\u0022 \u003E\n                                                                                                            \u003Cimg src=\u0022https:\/\/www.countervor9.de.dev.xrow.net\/var\/site\/storage\/images\/_aliases\/article_16x9\/5\/3\/9\/1\/3101935-1-ger-DE\/f240ee7fe80e-Mohr-Uwe.jpg\u0022 alt=\u0022Mohr Uwe\u0022 class=\u0022img-fluid\u0022 height=\u0022410\u0022 width=\u0022750\u0022 \/\u003E\n                                                    \u003Cfigcaption\u003E\n                                                                                                                        \u003Cdiv class=\u0022copyright-image text-end text-white pt-1 pe-2 ezrichtext-field\u0022\u003E\u003Cp\u003EAlltours\u003C\/p\u003E\n\u003C\/div\u003E\n\n                                                                                                                                    \u003C\/figcaption\u003E\n                                            \u003C\/figure\u003E\n                                \n                    \u003Cdiv class=\u0022tile-body flex-grow-1 d-flex flex-column             text-white\n    \u0022\u003E\n                                                                                                    \u003Ch3 class=\u0022h2 flex-grow-1\u0022\u003EAlltours umwirbt kleine Reiseb\u00fcros mit h\u00f6herer Provision \u003Cicon class=\u0022fa fa-angle-double-right text-white ms-2\u0022\u003E\u003C\/icon\u003E\u003C\/h3\u003E\n                                    \n                                                    \n                                                            \u003Ctime class=\u0022small\u0022 datetime=\u00222026-08-10T12:24:47+02:00\u0022\u003E\n                            10. August 2026 | 12:24 Uhr\n                        \u003C\/time\u003E\n                                                \u003C\/div\u003E\n            \u003C\/a\u003E\n            \u003C\/div\u003E\n            \u003C\/article\u003E\n\n                                                                    \n\n    \u003Carticle class=\u0022col-md-6 col-lg-4 block-tile type-article\u0022\u003E\n                    \u003Cdiv class=\u0022border rounded shadow-sm h-100 flex-column d-flex    \u0022\u003E\n                    \u003Ca href=\u0022\/vertrieb\/digitale-schaufenster-nun-mit-spezialveranstalter-angeboten\u0022\u003E\n                            \n                            \n                    \u003Cdiv class=\u0022tile-body flex-grow-1 d-flex flex-column    \u0022\u003E\n                                                                                                            \u003Ch3 class=\u0022h2\u0022\u003EDigitale Schaufenster nun mit Spezialveranstalter-Angeboten\u003C\/h3\u003E\n                            \n                                    \n                                                                                    \u003Cp class=\u0022flex-grow-1\u0022\u003E\n                                                        \nDer digitale Marktplatz Axolot, mit aktuell 72 Veranstaltern, verbindet das Veranstalterportal mit den digitalen Schaufenstersystemen\n                                                            \u0026hellip; \u003Cicon class=\u0022fa fa-angle-double-right ms-1\u0022\u003E\u003C\/icon\u003E\n                                                    \u003C\/p\u003E\n                                    \n                                                            \u003Ctime class=\u0022small\u0022 datetime=\u00222026-08-10T07:00:14+02:00\u0022\u003E\n                            10. August 2026 | 07:00 Uhr\n                        \u003C\/time\u003E\n                                                \u003C\/div\u003E\n            \u003C\/a\u003E\n            \u003C\/div\u003E\n            \u003C\/article\u003E\n\n                                                                    \n\n    \u003Carticle class=\u0022col-md-6 col-lg-4 block-tile type-article\u0022\u003E\n                    \u003Cdiv class=\u0022border rounded shadow-sm h-100 flex-column d-flex    \u0022\u003E\n                    \u003Ca href=\u0022\/vertrieb\/carnival-schult-reisebueros-zu-routen-privatinsel-und-neubau\u0022\u003E\n                            \n                            \n                    \u003Cdiv class=\u0022tile-body flex-grow-1 d-flex flex-column    \u0022\u003E\n                                                                                                            \u003Ch3 class=\u0022h2\u0022\u003ECarnival schult Reiseb\u00fcros zu Routen, Privatinsel und Neubau\u003C\/h3\u003E\n                            \n                                    \n                                                                                    \u003Cp class=\u0022flex-grow-1\u0022\u003E\n                                                        \nCarnival Cruise Line informiert Reiseb\u00fcros am Mittwoch, 26. August, ab 9 Uhr in einem Webinar \u00fcber Routen, die derzeit\n                                                            \u0026hellip; \u003Cicon class=\u0022fa fa-angle-double-right ms-1\u0022\u003E\u003C\/icon\u003E\n                                                    \u003C\/p\u003E\n                                    \n                                                            \u003Ctime class=\u0022small\u0022 datetime=\u00222026-08-10T07:00:14+02:00\u0022\u003E\n                            10. August 2026 | 07:00 Uhr\n                        \u003C\/time\u003E\n                                                \u003C\/div\u003E\n            \u003C\/a\u003E\n            \u003C\/div\u003E\n            \u003C\/article\u003E\n\n                                                                    \n\n    \u003Carticle class=\u0022col-md-6 col-lg-4 block-tile type-article\u0022\u003E\n                    \u003Cdiv class=\u0022border rounded shadow-sm h-100 flex-column d-flex    \u0022\u003E\n                    \u003Ca href=\u0022\/vertrieb\/tui-und-vusr-starten-testlauf-fuer-last-minute-rabattaktion\u0022\u003E\n                            \n                            \n                    \u003Cdiv class=\u0022tile-body flex-grow-1 d-flex flex-column    \u0022\u003E\n                                                                                                            \u003Ch3 class=\u0022h2\u0022\u003ETUI und VUSR starten Testlauf f\u00fcr Last-Minute-Rabattaktion\u003C\/h3\u003E\n                            \n                                    \n                                                                                    \u003Cp class=\u0022flex-grow-1\u0022\u003E\n                                                        \nTUI und der Verband unabh\u00e4ngiger selbstst\u00e4ndiger Reiseb\u00fcros (VUSR) testen eine Last-Minute-Aktion. Auf ausgew\u00e4hlte Pauschalreisen\n                                                            \u0026hellip; \u003Cicon class=\u0022fa fa-angle-double-right ms-1\u0022\u003E\u003C\/icon\u003E\n                                                    \u003C\/p\u003E\n                                    \n                                                            \u003Ctime class=\u0022small\u0022 datetime=\u00222026-08-10T07:00:13+02:00\u0022\u003E\n                            10. August 2026 | 07:00 Uhr\n                        \u003C\/time\u003E\n                                                \u003C\/div\u003E\n            \u003C\/a\u003E\n            \u003C\/div\u003E\n            \u003C\/article\u003E\n\n                                                                    \n\n    \u003Carticle class=\u0022col-md-6 col-lg-4 block-tile type-article\u0022\u003E\n                    \u003Cdiv class=\u0022border rounded shadow-sm h-100 flex-column d-flex    \u0022\u003E\n                    \u003Ca href=\u0022\/vertrieb\/hahnair-verlaengert-hoehere-provision-fuer-brightline-tickets\u0022\u003E\n                            \n                            \n                    \u003Cdiv class=\u0022tile-body flex-grow-1 d-flex flex-column    \u0022\u003E\n                                                                                                            \u003Ch3 class=\u0022h2\u0022\u003EHahnair verl\u00e4ngert h\u00f6here Provision f\u00fcr Brightline-Tickets\u003C\/h3\u003E\n                            \n                                    \n                                                                                    \u003Cp class=\u0022flex-grow-1\u0022\u003E\n                                                        \nReiseb\u00fcros erhalten bei den Bahntickets von Brightline \u00fcber Hahnair weiter 15 Prozent Provision auf den Tarif. Die Aktion\n                                                            \u0026hellip; \u003Cicon class=\u0022fa fa-angle-double-right ms-1\u0022\u003E\u003C\/icon\u003E\n                                                    \u003C\/p\u003E\n                                    \n                                                            \u003Ctime class=\u0022small\u0022 datetime=\u00222026-08-08T19:05:36+02:00\u0022\u003E\n                            8. August 2026 | 19:05 Uhr\n                        \u003C\/time\u003E\n                                                \u003C\/div\u003E\n            \u003C\/a\u003E\n            \u003C\/div\u003E\n            \u003C\/article\u003E\n\n                                                                    \n\n    \u003Carticle class=\u0022col-md-6 col-lg-4 block-tile type-article\u0022\u003E\n                    \u003Cdiv class=\u0022border rounded shadow-sm h-100 flex-column d-flex    \u0022\u003E\n                    \u003Ca href=\u0022\/vertrieb\/sea-cloud-stellt-expis-schiffe-und-routen-vor\u0022\u003E\n                            \n                            \n                    \u003Cdiv class=\u0022tile-body flex-grow-1 d-flex flex-column    \u0022\u003E\n                                                                                                            \u003Ch3 class=\u0022h2\u0022\u003ESea Cloud stellt Expis Schiffe und Routen vor\u003C\/h3\u003E\n                            \n                                    \n                                                                                    \u003Cp class=\u0022flex-grow-1\u0022\u003E\n                                                        \nSea Cloud Cruises bietet Reiseb\u00fcros vier Webinare rund um das eigene Programm an. Die Schulungen stellen die Segelschiffe\n                                                            \u0026hellip; \u003Cicon class=\u0022fa fa-angle-double-right ms-1\u0022\u003E\u003C\/icon\u003E\n                                                    \u003C\/p\u003E\n                                    \n                                                            \u003Ctime class=\u0022small\u0022 datetime=\u00222026-08-07T07:00:15+02:00\u0022\u003E\n                            7. August 2026 | 07:00 Uhr\n                        \u003C\/time\u003E\n                                                \u003C\/div\u003E\n            \u003C\/a\u003E\n            \u003C\/div\u003E\n            \u003C\/article\u003E\n\n                                                                    \n\n    \u003Carticle class=\u0022col-md-6 col-lg-4 block-tile type-article\u0022\u003E\n                    \u003Cdiv class=\u0022border rounded shadow-sm h-100 flex-column d-flex    \u0022\u003E\n                    \u003Ca href=\u0022\/vertrieb\/nicko-cruises-geht-mit-programm-2027-28-auf-roadshow\u0022\u003E\n                            \n                            \n                    \u003Cdiv class=\u0022tile-body flex-grow-1 d-flex flex-column    \u0022\u003E\n                                                                                                            \u003Ch3 class=\u0022h2\u0022\u003ENicko Cruises geht mit Programm 2027\/28 auf Roadshow\u003C\/h3\u003E\n                            \n                                    \n                                                                                    \u003Cp class=\u0022flex-grow-1\u0022\u003E\n                                                        \nNicko Cruises informiert Reiseb\u00fcros im Oktober und November bei einer Roadshow in 18 deutschen St\u00e4dten \u00fcber Flussreisen\n                                                            \u0026hellip; \u003Cicon class=\u0022fa fa-angle-double-right ms-1\u0022\u003E\u003C\/icon\u003E\n                                                    \u003C\/p\u003E\n                                    \n                                                            \u003Ctime class=\u0022small\u0022 datetime=\u00222026-08-07T07:00:15+02:00\u0022\u003E\n                            7. August 2026 | 07:00 Uhr\n                        \u003C\/time\u003E\n                                                \u003C\/div\u003E\n            \u003C\/a\u003E\n            \u003C\/div\u003E\n            \u003C\/article\u003E\n\n                                                                    \n\n    \u003Carticle class=\u0022col-md-6 col-lg-4 block-tile type-article\u0022\u003E\n                    \u003Cdiv class=\u0022border rounded shadow-sm h-100 flex-column d-flex             bg-primary\n    \u0022\u003E\n                    \u003Ca href=\u0022\/vertrieb\/grecotel-baut-reisebuerobetreuung-aus\u0022\u003E\n                            \n                                                                                                                \u003Cfigure class=\u0022alias-article_16x9 img-fluid rounded-top\u0022 \u003E\n                                                                                                            \u003Cimg src=\u0022https:\/\/www.countervor9.de.dev.xrow.net\/var\/site\/storage\/images\/_aliases\/article_16x9\/9\/1\/5\/1\/3161519-1-ger-DE\/a92e12715362-Taufenbach-jana-Grecotel-Foto-Aviareps.jpg\u0022 alt=\u0022Taufenbach jana Grecotel Foto Aviareps\u0022 class=\u0022img-fluid\u0022 height=\u0022410\u0022 width=\u0022750\u0022 \/\u003E\n                                                    \u003Cfigcaption\u003E\n                                                                                                                        \u003Cdiv class=\u0022copyright-image text-end text-white pt-1 pe-2 ezrichtext-field\u0022\u003E\u003Cp\u003EAviareps\u003C\/p\u003E\n\u003C\/div\u003E\n\n                                                                                                                                    \u003C\/figcaption\u003E\n                                            \u003C\/figure\u003E\n                                \n                    \u003Cdiv class=\u0022tile-body flex-grow-1 d-flex flex-column             text-white\n    \u0022\u003E\n                                                                                                    \u003Ch3 class=\u0022h2 flex-grow-1\u0022\u003EGrecotel baut \u003Cspan class=\u0027hyphen\u0027\u003EReiseb\u00fcrobetreuung\u003C\/span\u003E aus \u003Cicon class=\u0022fa fa-angle-double-right text-white ms-2\u0022\u003E\u003C\/icon\u003E\u003C\/h3\u003E\n                                    \n                                                    \n                                                            \u003Ctime class=\u0022small\u0022 datetime=\u00222026-08-07T07:00:14+02:00\u0022\u003E\n                            7. August 2026 | 07:00 Uhr\n                        \u003C\/time\u003E\n                                                \u003C\/div\u003E\n            \u003C\/a\u003E\n            \u003C\/div\u003E\n            \u003C\/article\u003E\n\n                                                                    \n\n    \u003Carticle class=\u0022col-md-6 col-lg-4 block-tile type-article\u0022\u003E\n                    \u003Cdiv class=\u0022border rounded shadow-sm h-100 flex-column d-flex             bg-primary\n    \u0022\u003E\n                    \u003Ca href=\u0022\/vertrieb\/alpha-verlaesst-reisebueroverbund-vusr\u0022\u003E\n                            \n                                                                                                                \u003Cfigure class=\u0022alias-article_16x9 img-fluid rounded-top\u0022 \u003E\n                                                                                                            \u003Cimg src=\u0022https:\/\/www.countervor9.de.dev.xrow.net\/var\/site\/storage\/images\/_aliases\/article_16x9\/5\/2\/0\/9\/1259025-1-ger-DE\/K\u00fcndigung iStock Stadtratte-857473288.jpg\u0022 alt=\u0022K\u00fcndigung\u0022 class=\u0022img-fluid\u0022 height=\u0022410\u0022 width=\u0022750\u0022 \/\u003E\n                                                    \u003Cfigcaption\u003E\n                                                                                                                        \u003Cdiv class=\u0022copyright-image text-end text-white pt-1 pe-2 ezrichtext-field\u0022\u003E\u003Cp\u003EiStock\/K\u0026uuml;ndigung\u003C\/p\u003E\n\u003C\/div\u003E\n\n                                                                                                                                    \u003C\/figcaption\u003E\n                                            \u003C\/figure\u003E\n                                \n                    \u003Cdiv class=\u0022tile-body flex-grow-1 d-flex flex-column             text-white\n    \u0022\u003E\n                                                                                                    \u003Ch3 class=\u0022h2 flex-grow-1\u0022\u003EAlpha verl\u00e4sst \u003Cspan class=\u0027hyphen\u0027\u003EReiseb\u00fcroverbund\u003C\/span\u003E VUSR \u003Cicon class=\u0022fa fa-angle-double-right text-white ms-2\u0022\u003E\u003C\/icon\u003E\u003C\/h3\u003E\n                                    \n                                                    \n                                                            \u003Ctime class=\u0022small\u0022 datetime=\u00222026-08-06T07:00:13+02:00\u0022\u003E\n                            6. August 2026 | 07:00 Uhr\n                        \u003C\/time\u003E\n                                                \u003C\/div\u003E\n            \u003C\/a\u003E\n            \u003C\/div\u003E\n            \u003C\/article\u003E\n\n            \n\n    \u003Cdiv class=\u0022col-md-12\u0022\u003E\n        \u003Cul class=\u0022pagination\u0022\u003E\u003Cli class=\u0022page-item prev\u0022\u003E\u003Ca class=\u0022page-link\u0022 href=\u0022\/page\/74\/30\/tile_3col?ad=350\u0026page=1\u0022 rel=\u0022prev\u0022\u003E\u0026larr; Vorherige\u003C\/a\u003E\u003C\/li\u003E\u003Cli class=\u0022page-item\u0022\u003E\u003Ca class=\u0022page-link\u0022 href=\u0022\/page\/74\/30\/tile_3col?ad=350\u0026page=1\u0022\u003E1\u003C\/a\u003E\u003C\/li\u003E\u003Cli class=\u0022page-item active\u0022\u003E\u003Cspan class=\u0022page-link\u0022\u003E2 \u003Cspan class=\u0022sr-only\u0022\u003E(current)\u003C\/span\u003E\u003C\/span\u003E\u003C\/li\u003E\u003Cli class=\u0022page-item\u0022\u003E\u003Ca class=\u0022page-link\u0022 href=\u0022\/page\/74\/30\/tile_3col?ad=350\u0026page=3\u0022\u003E3\u003C\/a\u003E\u003C\/li\u003E\u003Cli class=\u0022page-item\u0022\u003E\u003Ca class=\u0022page-link\u0022 href=\u0022\/page\/74\/30\/tile_3col?ad=350\u0026page=4\u0022\u003E4\u003C\/a\u003E\u003C\/li\u003E\u003Cli class=\u0022page-item\u0022\u003E\u003Ca class=\u0022page-link\u0022 href=\u0022\/page\/74\/30\/tile_3col?ad=350\u0026page=5\u0022\u003E5\u003C\/a\u003E\u003C\/li\u003E\u003Cli class=\u0022page-item\u0022\u003E\u003Ca class=\u0022page-link\u0022 href=\u0022\/page\/74\/30\/tile_3col?ad=350\u0026page=6\u0022\u003E6\u003C\/a\u003E\u003C\/li\u003E\u003Cli class=\u0022page-item\u0022\u003E\u003Ca class=\u0022page-link\u0022 href=\u0022\/page\/74\/30\/tile_3col?ad=350\u0026page=7\u0022\u003E7\u003C\/a\u003E\u003C\/li\u003E\u003Cli class=\u0022page-item disabled\u0022\u003E\u003Cspan class=\u0022page-link\u0022\u003E\u0026hellip;\u003C\/span\u003E\u003C\/li\u003E\u003Cli class=\u0022page-item\u0022\u003E\u003Ca class=\u0022page-link\u0022 href=\u0022\/page\/74\/30\/tile_3col?ad=350\u0026page=539\u0022\u003E539\u003C\/a\u003E\u003C\/li\u003E\u003Cli class=\u0022page-item next\u0022\u003E\u003Ca class=\u0022page-link\u0022 href=\u0022\/page\/74\/30\/tile_3col?ad=350\u0026page=3\u0022 rel=\u0022next\u0022\u003EN\u00e4chste \u0026rarr;\u003C\/a\u003E\u003C\/li\u003E\u003C\/ul\u003E\n    \u003C\/div\u003E\n"}